{"id":1606,"date":"2024-08-06T18:00:00","date_gmt":"2024-08-06T16:00:00","guid":{"rendered":"https:\/\/www.atelierpaysage.be\/?p=1606"},"modified":"2025-09-01T12:29:27","modified_gmt":"2025-09-01T10:29:27","slug":"assesse-centre","status":"publish","type":"post","link":"https:\/\/www.atelierpaysage.be\/?p=1606","title":{"rendered":"Centre d&rsquo;Assesse"},"content":{"rendered":"<h2 style=\"color:#f2e056; font-size:1.6rem;font-style:normal;font-weight:400;line-height:1;text-transform:uppercase; padding-top:0;padding-bottom:0;padding-left:0;padding-right:0;margin-top:0;margin-bottom:0;margin-left:0;margin-right:0;\" class=\"has-link-color wp-elements-2aea5ec0da0ab1195dcdc878448ee5ae wp-block-post-title has-text-color has-objektiv-mk-3-font-family\">Centre d&rsquo;Assesse<\/h2>\n\n\n<div style=\"height:20px\" aria-hidden=\"true\" class=\"wp-block-spacer\"><\/div>\n\n\n\n<p class=\"has-objektiv-mk-3-font-family\" style=\"margin-top:0;margin-right:0;margin-bottom:0;margin-left:0;padding-top:0;padding-right:0;padding-bottom:0;padding-left:0;font-size:0.9rem;font-style:normal;font-weight:500;line-height:1.5;text-transform:uppercase\">CR\u00e9ation d\u2019une aire de jeux et de convivialit\u00e9 dans le centre du village<\/p>\n\n\n\n<div style=\"height:0px\" aria-hidden=\"true\" class=\"wp-block-spacer\"><\/div>\n\n\n\n<figure class=\"wp-block-image size-large is-resized\"><img loading=\"lazy\" decoding=\"async\" width=\"1024\" height=\"768\" src=\"https:\/\/www.atelierpaysage.be\/wp-content\/uploads\/2024\/01\/AtelierPaysage_Centre_Assesse_0-1024x768.jpg\" alt=\"\" class=\"wp-image-1608\" style=\"width:641px\" srcset=\"https:\/\/www.atelierpaysage.be\/wp-content\/uploads\/2024\/01\/AtelierPaysage_Centre_Assesse_0-1024x768.jpg 1024w, https:\/\/www.atelierpaysage.be\/wp-content\/uploads\/2024\/01\/AtelierPaysage_Centre_Assesse_0-400x300.jpg 400w, https:\/\/www.atelierpaysage.be\/wp-content\/uploads\/2024\/01\/AtelierPaysage_Centre_Assesse_0-768x576.jpg 768w, https:\/\/www.atelierpaysage.be\/wp-content\/uploads\/2024\/01\/AtelierPaysage_Centre_Assesse_0-1536x1152.jpg 1536w, https:\/\/www.atelierpaysage.be\/wp-content\/uploads\/2024\/01\/AtelierPaysage_Centre_Assesse_0.jpg 1653w\" sizes=\"(max-width: 1024px) 100vw, 1024px\" \/><\/figure>\n\n\n\n<div class=\"wp-block-columns is-layout-flex wp-container-core-columns-is-layout-1 wp-block-columns-is-layout-flex\">\n<div class=\"wp-block-column is-layout-flow wp-block-column-is-layout-flow\"><div style=\"font-size:0.7rem;font-style:normal;font-weight:400\" class=\"taxonomy-category wp-block-post-terms has-objektiv-mk-3-font-family\"><a href=\"https:\/\/www.atelierpaysage.be\/?cat=16\" rel=\"tag\">Jeux et sports<\/a><span class=\"wp-block-post-terms__separator\">&#010;<\/span><a href=\"https:\/\/www.atelierpaysage.be\/?cat=39\" rel=\"tag\">Places et parvis<\/a><\/div><\/div>\n\n\n\n<div class=\"wp-block-column is-layout-flow wp-block-column-is-layout-flow\">\n<p class=\"has-objektiv-mk-3-font-family\" style=\"margin-top:0;margin-right:0;margin-bottom:0;margin-left:0;padding-top:0;padding-right:0;padding-bottom:0;padding-left:0;font-size:0.7rem;font-style:normal;font-weight:400\"><mark style=\"background-color:rgba(0, 0, 0, 0);color:#878786\" class=\"has-inline-color\">Maitre d&rsquo;ouvrage \/<\/mark> <\/p>\n\n\n\n<p class=\"has-objektiv-mk-3-font-family\" style=\"margin-top:0;margin-right:0;margin-bottom:0;margin-left:0;padding-top:0;padding-right:0;padding-bottom:0;padding-left:0;font-size:0.7rem;font-style:normal;font-weight:400\">Commune d&rsquo;Assesse &#8211; Projet PCDR et INFRASPORT<\/p>\n\n\n\n<div style=\"height:0px\" aria-hidden=\"true\" class=\"wp-block-spacer\"><\/div>\n\n\n\n<p class=\"has-objektiv-mk-3-font-family\" style=\"margin-top:0;margin-right:0;margin-bottom:0;margin-left:0;padding-top:0;padding-right:0;padding-bottom:0;padding-left:0;font-size:0.7rem;font-style:normal;font-weight:400\"><mark style=\"background-color:rgba(0, 0, 0, 0);color:#878786\" class=\"has-inline-color\">Auteur de projet \/ <\/mark><\/p>\n\n\n\n<p class=\"has-objektiv-mk-3-font-family\" style=\"margin-top:0;margin-right:0;margin-bottom:0;margin-left:0;padding-top:0;padding-right:0;padding-bottom:0;padding-left:0;font-size:0.7rem;font-style:normal;font-weight:400\">ATELIER PAYSAGE srl<\/p>\n\n\n\n<div style=\"height:0px\" aria-hidden=\"true\" class=\"wp-block-spacer\"><\/div>\n\n\n\n<p class=\"has-objektiv-mk-3-font-family\" style=\"margin-top:0;margin-right:0;margin-bottom:0;margin-left:0;padding-top:0;padding-right:0;padding-bottom:0;padding-left:0;font-size:0.7rem;font-style:normal;font-weight:400\"><mark style=\"background-color:rgba(0, 0, 0, 0);color:#878786\" class=\"has-inline-color\">Entreprise \/ <\/mark><\/p>\n\n\n\n<p class=\"has-objektiv-mk-3-font-family\" style=\"margin-top:0;margin-right:0;margin-bottom:0;margin-left:0;padding-top:0;padding-right:0;padding-bottom:0;padding-left:0;font-size:0.7rem;font-style:normal;font-weight:400\">QUINTELIER<\/p>\n<\/div>\n\n\n\n<div class=\"wp-block-column is-layout-flow wp-block-column-is-layout-flow\">\n<p class=\"has-objektiv-mk-3-font-family\" style=\"margin-top:0;margin-right:0;margin-bottom:0;margin-left:0;padding-top:0;padding-right:0;padding-bottom:0;padding-left:0;font-size:0.7rem;font-style:normal;font-weight:400\"><mark style=\"background-color:rgba(0, 0, 0, 0);color:#878786\" class=\"has-inline-color\">Budget HTVA \/<\/mark><\/p>\n\n\n\n<p class=\"has-objektiv-mk-3-font-family\" style=\"margin-top:0;margin-right:0;margin-bottom:0;margin-left:0;padding-top:0;padding-right:0;padding-bottom:0;padding-left:0;font-size:0.7rem;font-style:normal;font-weight:400\">270 000 \u20ac<\/p>\n\n\n\n<div style=\"height:0px\" aria-hidden=\"true\" class=\"wp-block-spacer\"><\/div>\n\n\n\n<p class=\"has-objektiv-mk-3-font-family\" style=\"margin-top:0;margin-right:0;margin-bottom:0;margin-left:0;padding-top:0;padding-right:0;padding-bottom:0;padding-left:0;font-size:0.7rem;font-style:normal;font-weight:400\"><mark style=\"background-color:rgba(0, 0, 0, 0);color:#878786\" class=\"has-inline-color\">R\u00e9alisation \/<\/mark> <\/p>\n\n\n\n<p class=\"has-objektiv-mk-3-font-family\" style=\"margin-top:0;margin-right:0;margin-bottom:0;margin-left:0;padding-top:0;padding-right:0;padding-bottom:0;padding-left:0;font-size:0.7rem;font-style:normal;font-weight:400\">Travaux r\u00e9ceptionn\u00e9s en 2023<\/p>\n\n\n\n<div style=\"height:0px\" aria-hidden=\"true\" class=\"wp-block-spacer\"><\/div>\n\n\n\n<p class=\"has-objektiv-mk-3-font-family\" style=\"margin-top:0;margin-right:0;margin-bottom:0;margin-left:0;padding-top:0;padding-right:0;padding-bottom:0;padding-left:0;font-size:0.7rem;font-style:normal;font-weight:400\"><mark style=\"background-color:rgba(0, 0, 0, 0);color:#878786\" class=\"has-inline-color\">Superficie \/<\/mark> <\/p>\n\n\n\n<p class=\"has-objektiv-mk-3-font-family\" style=\"margin-top:0;margin-right:0;margin-bottom:0;margin-left:0;padding-top:0;padding-right:0;padding-bottom:0;padding-left:0;font-size:0.7rem;font-style:normal;font-weight:400\">3000 m\u00b2<\/p>\n<\/div>\n<\/div>\n\n\n\n<div style=\"height:0px\" aria-hidden=\"true\" class=\"wp-block-spacer\"><\/div>\n\n\n\n<p class=\"has-objektiv-mk-3-font-family has-large-font-size\" style=\"margin-top:0;margin-right:0;margin-bottom:0;margin-left:0;padding-top:var(--wp--preset--spacing--20);padding-right:0;padding-bottom:var(--wp--preset--spacing--20);padding-left:0;font-style:normal;font-weight:400\">Au centre du village, les habitants d\u2019Assesse souhaitaient avoir un lieu de rencontre et de rassemblement pour tous.<\/p>\n\n\n\n<p class=\"has-objektiv-mk-3-font-family has-large-font-size\" style=\"margin-top:0;margin-right:0;margin-bottom:0;margin-left:0;padding-top:var(--wp--preset--spacing--20);padding-right:0;padding-bottom:var(--wp--preset--spacing--20);padding-left:0;font-style:normal;font-weight:400\">Entre la maison communale, le local du patro, la biblioth\u00e8que, l\u2019\u00e9cole, la cr\u00e8che et les habitations, d\u2019une rue \u00e0 l\u2019autre \u2026 les espaces r\u00e9siduels devaient \u00eatre retiss\u00e9s.<\/p>\n\n\n\n<p class=\"has-objektiv-mk-3-font-family has-large-font-size\" style=\"margin-top:0;margin-right:0;margin-bottom:0;margin-left:0;padding-top:var(--wp--preset--spacing--20);padding-right:0;padding-bottom:var(--wp--preset--spacing--20);padding-left:0;font-style:normal;font-weight:400\">La trame verte a \u00e9t\u00e9 recompos\u00e9e \u00e0 l\u2019\u00e9chelle du quartier.<\/p>\n\n\n\n<p class=\"has-objektiv-mk-3-font-family has-large-font-size\" style=\"margin-top:0;margin-right:0;margin-bottom:0;margin-left:0;padding-top:var(--wp--preset--spacing--20);padding-right:0;padding-bottom:var(--wp--preset--spacing--20);padding-left:0;font-style:normal;font-weight:400\">Les multiples acc\u00e8s sont reli\u00e9s par des nouveaux chemins en rampes et escaliers.<br>Des \u00e9quipements de confort et de jeux sont r\u00e9partis pour petits grands, jeunes et moins jeunes.<\/p>\n\n\n\n<p class=\"has-objektiv-mk-3-font-family has-large-font-size\" style=\"margin-top:0;margin-right:0;margin-bottom:0;margin-left:0;padding-top:var(--wp--preset--spacing--20);padding-right:0;padding-bottom:var(--wp--preset--spacing--20);padding-left:0;font-style:normal;font-weight:400\">D\u2019une zone d\u2019entre deux qui opposait des usages, le site est devenu un lieu central et rayonnant dans lequel chacun trouve sa place le temps d\u2019un bon moment de plein air !<\/p>\n\n\n\n<div style=\"height:0px\" aria-hidden=\"true\" class=\"wp-block-spacer\"><\/div>\n\n\n\n<figure class=\"wp-block-image size-large is-resized\"><img loading=\"lazy\" decoding=\"async\" width=\"1024\" height=\"768\" src=\"https:\/\/www.atelierpaysage.be\/wp-content\/uploads\/2024\/01\/ATELIER-PAYSAGE_assesse_LD\u00a9-Maxime-Vermeulen-13-1024x768.jpg\" alt=\"\" class=\"wp-image-1931\" style=\"width:641px\" srcset=\"https:\/\/www.atelierpaysage.be\/wp-content\/uploads\/2024\/01\/ATELIER-PAYSAGE_assesse_LD\u00a9-Maxime-Vermeulen-13-1024x768.jpg 1024w, https:\/\/www.atelierpaysage.be\/wp-content\/uploads\/2024\/01\/ATELIER-PAYSAGE_assesse_LD\u00a9-Maxime-Vermeulen-13-400x300.jpg 400w, https:\/\/www.atelierpaysage.be\/wp-content\/uploads\/2024\/01\/ATELIER-PAYSAGE_assesse_LD\u00a9-Maxime-Vermeulen-13-768x576.jpg 768w, https:\/\/www.atelierpaysage.be\/wp-content\/uploads\/2024\/01\/ATELIER-PAYSAGE_assesse_LD\u00a9-Maxime-Vermeulen-13-1536x1152.jpg 1536w, https:\/\/www.atelierpaysage.be\/wp-content\/uploads\/2024\/01\/ATELIER-PAYSAGE_assesse_LD\u00a9-Maxime-Vermeulen-13-2048x1536.jpg 2048w\" sizes=\"(max-width: 1024px) 100vw, 1024px\" \/><\/figure>\n\n\n\n<div class=\"wp-block-columns is-layout-flex wp-container-core-columns-is-layout-2 wp-block-columns-is-layout-flex\">\n<div class=\"wp-block-column is-layout-flow wp-block-column-is-layout-flow\">\n<figure class=\"wp-block-image size-large is-resized\"><img loading=\"lazy\" decoding=\"async\" width=\"1024\" height=\"768\" src=\"https:\/\/www.atelierpaysage.be\/wp-content\/uploads\/2024\/01\/AtelierPaysage_Centre_Assesse_6-1024x768.jpg\" alt=\"\" class=\"wp-image-1614\" style=\"object-fit:cover;width:310px;height:209px\" srcset=\"https:\/\/www.atelierpaysage.be\/wp-content\/uploads\/2024\/01\/AtelierPaysage_Centre_Assesse_6-1024x768.jpg 1024w, https:\/\/www.atelierpaysage.be\/wp-content\/uploads\/2024\/01\/AtelierPaysage_Centre_Assesse_6-400x300.jpg 400w, https:\/\/www.atelierpaysage.be\/wp-content\/uploads\/2024\/01\/AtelierPaysage_Centre_Assesse_6-768x576.jpg 768w, https:\/\/www.atelierpaysage.be\/wp-content\/uploads\/2024\/01\/AtelierPaysage_Centre_Assesse_6-1536x1152.jpg 1536w, https:\/\/www.atelierpaysage.be\/wp-content\/uploads\/2024\/01\/AtelierPaysage_Centre_Assesse_6.jpg 1653w\" sizes=\"(max-width: 1024px) 100vw, 1024px\" \/><\/figure>\n\n\n\n<div style=\"height:1px\" aria-hidden=\"true\" class=\"wp-block-spacer\"><\/div>\n\n\n\n<figure class=\"wp-block-image size-large is-resized\"><img loading=\"lazy\" decoding=\"async\" width=\"1024\" height=\"768\" src=\"https:\/\/www.atelierpaysage.be\/wp-content\/uploads\/2024\/01\/AtelierPaysage_Centre_Assesse_2-1024x768.jpg\" alt=\"\" class=\"wp-image-1610\" style=\"object-fit:cover;width:310px;height:209px\" srcset=\"https:\/\/www.atelierpaysage.be\/wp-content\/uploads\/2024\/01\/AtelierPaysage_Centre_Assesse_2-1024x768.jpg 1024w, https:\/\/www.atelierpaysage.be\/wp-content\/uploads\/2024\/01\/AtelierPaysage_Centre_Assesse_2-400x300.jpg 400w, https:\/\/www.atelierpaysage.be\/wp-content\/uploads\/2024\/01\/AtelierPaysage_Centre_Assesse_2-768x576.jpg 768w, https:\/\/www.atelierpaysage.be\/wp-content\/uploads\/2024\/01\/AtelierPaysage_Centre_Assesse_2-1536x1152.jpg 1536w, https:\/\/www.atelierpaysage.be\/wp-content\/uploads\/2024\/01\/AtelierPaysage_Centre_Assesse_2.jpg 1653w\" sizes=\"(max-width: 1024px) 100vw, 1024px\" \/><\/figure>\n<\/div>\n\n\n\n<div class=\"wp-block-column is-layout-flow wp-block-column-is-layout-flow\">\n<figure class=\"wp-block-image size-large is-resized\"><img loading=\"lazy\" decoding=\"async\" width=\"1024\" height=\"768\" src=\"https:\/\/www.atelierpaysage.be\/wp-content\/uploads\/2024\/01\/AtelierPaysage_Centre_Assesse_4-1024x768.jpg\" alt=\"\" class=\"wp-image-1612\" style=\"object-fit:cover;width:310px;height:209px\" srcset=\"https:\/\/www.atelierpaysage.be\/wp-content\/uploads\/2024\/01\/AtelierPaysage_Centre_Assesse_4-1024x768.jpg 1024w, https:\/\/www.atelierpaysage.be\/wp-content\/uploads\/2024\/01\/AtelierPaysage_Centre_Assesse_4-400x300.jpg 400w, https:\/\/www.atelierpaysage.be\/wp-content\/uploads\/2024\/01\/AtelierPaysage_Centre_Assesse_4-768x576.jpg 768w, https:\/\/www.atelierpaysage.be\/wp-content\/uploads\/2024\/01\/AtelierPaysage_Centre_Assesse_4-1536x1152.jpg 1536w, https:\/\/www.atelierpaysage.be\/wp-content\/uploads\/2024\/01\/AtelierPaysage_Centre_Assesse_4.jpg 1653w\" sizes=\"(max-width: 1024px) 100vw, 1024px\" \/><\/figure>\n\n\n\n<div style=\"height:1px\" aria-hidden=\"true\" class=\"wp-block-spacer\"><\/div>\n\n\n\n<figure class=\"wp-block-image size-large is-resized\"><img loading=\"lazy\" decoding=\"async\" width=\"1024\" height=\"768\" src=\"https:\/\/www.atelierpaysage.be\/wp-content\/uploads\/2024\/01\/AtelierPaysage_Centre_Assesse_3-1024x768.jpg\" alt=\"\" class=\"wp-image-1611\" style=\"object-fit:cover;width:310px;height:209px\" srcset=\"https:\/\/www.atelierpaysage.be\/wp-content\/uploads\/2024\/01\/AtelierPaysage_Centre_Assesse_3-1024x768.jpg 1024w, https:\/\/www.atelierpaysage.be\/wp-content\/uploads\/2024\/01\/AtelierPaysage_Centre_Assesse_3-400x300.jpg 400w, https:\/\/www.atelierpaysage.be\/wp-content\/uploads\/2024\/01\/AtelierPaysage_Centre_Assesse_3-768x576.jpg 768w, https:\/\/www.atelierpaysage.be\/wp-content\/uploads\/2024\/01\/AtelierPaysage_Centre_Assesse_3-1536x1152.jpg 1536w, https:\/\/www.atelierpaysage.be\/wp-content\/uploads\/2024\/01\/AtelierPaysage_Centre_Assesse_3.jpg 1653w\" sizes=\"(max-width: 1024px) 100vw, 1024px\" \/><\/figure>\n<\/div>\n<\/div>\n\n\n\n<div style=\"height:0px\" aria-hidden=\"true\" class=\"wp-block-spacer\"><\/div>\n\n\n\n<figure class=\"wp-block-image size-large is-resized\"><img loading=\"lazy\" decoding=\"async\" width=\"1024\" height=\"768\" src=\"https:\/\/www.atelierpaysage.be\/wp-content\/uploads\/2024\/01\/ATELIER-PAYSAGE_asesse_LD\u00a9-Maxime-Vermeulen-9-1024x768.jpg\" alt=\"\" class=\"wp-image-1930\" style=\"width:641px\" srcset=\"https:\/\/www.atelierpaysage.be\/wp-content\/uploads\/2024\/01\/ATELIER-PAYSAGE_asesse_LD\u00a9-Maxime-Vermeulen-9-1024x768.jpg 1024w, https:\/\/www.atelierpaysage.be\/wp-content\/uploads\/2024\/01\/ATELIER-PAYSAGE_asesse_LD\u00a9-Maxime-Vermeulen-9-400x300.jpg 400w, https:\/\/www.atelierpaysage.be\/wp-content\/uploads\/2024\/01\/ATELIER-PAYSAGE_asesse_LD\u00a9-Maxime-Vermeulen-9-768x576.jpg 768w, https:\/\/www.atelierpaysage.be\/wp-content\/uploads\/2024\/01\/ATELIER-PAYSAGE_asesse_LD\u00a9-Maxime-Vermeulen-9-1536x1152.jpg 1536w, https:\/\/www.atelierpaysage.be\/wp-content\/uploads\/2024\/01\/ATELIER-PAYSAGE_asesse_LD\u00a9-Maxime-Vermeulen-9-2048x1536.jpg 2048w\" sizes=\"(max-width: 1024px) 100vw, 1024px\" \/><\/figure>\n\n\n\n<div class=\"wp-block-columns is-layout-flex wp-container-core-columns-is-layout-3 wp-block-columns-is-layout-flex\">\n<div class=\"wp-block-column is-layout-flow wp-block-column-is-layout-flow\">\n<figure class=\"wp-block-image size-large is-resized\"><img loading=\"lazy\" decoding=\"async\" width=\"1024\" height=\"768\" src=\"https:\/\/www.atelierpaysage.be\/wp-content\/uploads\/2024\/01\/AtelierPaysage_Centre_Assesse_5-1024x768.jpg\" alt=\"\" class=\"wp-image-1613\" style=\"object-fit:cover;width:310px;height:209px\" srcset=\"https:\/\/www.atelierpaysage.be\/wp-content\/uploads\/2024\/01\/AtelierPaysage_Centre_Assesse_5-1024x768.jpg 1024w, https:\/\/www.atelierpaysage.be\/wp-content\/uploads\/2024\/01\/AtelierPaysage_Centre_Assesse_5-400x300.jpg 400w, https:\/\/www.atelierpaysage.be\/wp-content\/uploads\/2024\/01\/AtelierPaysage_Centre_Assesse_5-768x576.jpg 768w, https:\/\/www.atelierpaysage.be\/wp-content\/uploads\/2024\/01\/AtelierPaysage_Centre_Assesse_5-1536x1152.jpg 1536w, https:\/\/www.atelierpaysage.be\/wp-content\/uploads\/2024\/01\/AtelierPaysage_Centre_Assesse_5.jpg 1653w\" sizes=\"(max-width: 1024px) 100vw, 1024px\" \/><\/figure>\n\n\n\n<div style=\"height:1px\" aria-hidden=\"true\" class=\"wp-block-spacer\"><\/div>\n\n\n\n<figure class=\"wp-block-image size-large is-resized\"><img loading=\"lazy\" decoding=\"async\" width=\"1024\" height=\"768\" src=\"https:\/\/www.atelierpaysage.be\/wp-content\/uploads\/2024\/01\/AtelierPaysage_Centre_Assesse_8-1024x768.jpg\" alt=\"\" class=\"wp-image-1616\" style=\"object-fit:cover;width:310px;height:209px\" srcset=\"https:\/\/www.atelierpaysage.be\/wp-content\/uploads\/2024\/01\/AtelierPaysage_Centre_Assesse_8-1024x768.jpg 1024w, https:\/\/www.atelierpaysage.be\/wp-content\/uploads\/2024\/01\/AtelierPaysage_Centre_Assesse_8-400x300.jpg 400w, https:\/\/www.atelierpaysage.be\/wp-content\/uploads\/2024\/01\/AtelierPaysage_Centre_Assesse_8-768x576.jpg 768w, https:\/\/www.atelierpaysage.be\/wp-content\/uploads\/2024\/01\/AtelierPaysage_Centre_Assesse_8-1536x1152.jpg 1536w, https:\/\/www.atelierpaysage.be\/wp-content\/uploads\/2024\/01\/AtelierPaysage_Centre_Assesse_8.jpg 1653w\" sizes=\"(max-width: 1024px) 100vw, 1024px\" \/><\/figure>\n<\/div>\n\n\n\n<div class=\"wp-block-column is-layout-flow wp-block-column-is-layout-flow\">\n<figure class=\"wp-block-image size-large is-resized\"><img loading=\"lazy\" decoding=\"async\" width=\"1024\" height=\"768\" src=\"https:\/\/www.atelierpaysage.be\/wp-content\/uploads\/2024\/01\/AtelierPaysage_Centre_Assesse_11-1024x768.jpg\" alt=\"\" class=\"wp-image-1619\" style=\"object-fit:cover;width:310px;height:209px\" srcset=\"https:\/\/www.atelierpaysage.be\/wp-content\/uploads\/2024\/01\/AtelierPaysage_Centre_Assesse_11-1024x768.jpg 1024w, https:\/\/www.atelierpaysage.be\/wp-content\/uploads\/2024\/01\/AtelierPaysage_Centre_Assesse_11-400x300.jpg 400w, https:\/\/www.atelierpaysage.be\/wp-content\/uploads\/2024\/01\/AtelierPaysage_Centre_Assesse_11-768x576.jpg 768w, https:\/\/www.atelierpaysage.be\/wp-content\/uploads\/2024\/01\/AtelierPaysage_Centre_Assesse_11-1536x1152.jpg 1536w, https:\/\/www.atelierpaysage.be\/wp-content\/uploads\/2024\/01\/AtelierPaysage_Centre_Assesse_11.jpg 1653w\" sizes=\"(max-width: 1024px) 100vw, 1024px\" \/><\/figure>\n\n\n\n<div style=\"height:1px\" aria-hidden=\"true\" class=\"wp-block-spacer\"><\/div>\n\n\n\n<figure class=\"wp-block-image size-large is-resized\"><img loading=\"lazy\" decoding=\"async\" width=\"1024\" height=\"768\" src=\"https:\/\/www.atelierpaysage.be\/wp-content\/uploads\/2024\/01\/AtelierPaysage_Centre_Assesse_7-1024x768.jpg\" alt=\"\" class=\"wp-image-1615\" style=\"object-fit:cover;width:310px;height:209px\" srcset=\"https:\/\/www.atelierpaysage.be\/wp-content\/uploads\/2024\/01\/AtelierPaysage_Centre_Assesse_7-1024x768.jpg 1024w, https:\/\/www.atelierpaysage.be\/wp-content\/uploads\/2024\/01\/AtelierPaysage_Centre_Assesse_7-400x300.jpg 400w, https:\/\/www.atelierpaysage.be\/wp-content\/uploads\/2024\/01\/AtelierPaysage_Centre_Assesse_7-768x576.jpg 768w, https:\/\/www.atelierpaysage.be\/wp-content\/uploads\/2024\/01\/AtelierPaysage_Centre_Assesse_7-1536x1152.jpg 1536w, https:\/\/www.atelierpaysage.be\/wp-content\/uploads\/2024\/01\/AtelierPaysage_Centre_Assesse_7.jpg 1653w\" sizes=\"(max-width: 1024px) 100vw, 1024px\" \/><\/figure>\n<\/div>\n<\/div>\n\n\n\n<figure class=\"wp-block-image size-large is-resized\"><img loading=\"lazy\" decoding=\"async\" width=\"1024\" height=\"768\" src=\"https:\/\/www.atelierpaysage.be\/wp-content\/uploads\/2024\/01\/AtelierPaysage_Centre_Assesse_10-1024x768.jpg\" alt=\"\" class=\"wp-image-1618\" style=\"aspect-ratio:1.4469525959367946;object-fit:cover;width:641px;height:auto\" srcset=\"https:\/\/www.atelierpaysage.be\/wp-content\/uploads\/2024\/01\/AtelierPaysage_Centre_Assesse_10-1024x768.jpg 1024w, https:\/\/www.atelierpaysage.be\/wp-content\/uploads\/2024\/01\/AtelierPaysage_Centre_Assesse_10-400x300.jpg 400w, https:\/\/www.atelierpaysage.be\/wp-content\/uploads\/2024\/01\/AtelierPaysage_Centre_Assesse_10-768x576.jpg 768w, https:\/\/www.atelierpaysage.be\/wp-content\/uploads\/2024\/01\/AtelierPaysage_Centre_Assesse_10-1536x1152.jpg 1536w, https:\/\/www.atelierpaysage.be\/wp-content\/uploads\/2024\/01\/AtelierPaysage_Centre_Assesse_10.jpg 1653w\" sizes=\"(max-width: 1024px) 100vw, 1024px\" \/><\/figure>\n\n\n\n<div style=\"height:0px\" aria-hidden=\"true\" class=\"wp-block-spacer\"><\/div>\n\n\n\n<p class=\"has-text-align-right has-objektiv-mk-3-font-family has-small-font-size\" style=\"margin-top:0;margin-right:0;margin-bottom:0;margin-left:0;padding-top:0;padding-right:0;padding-bottom:0;padding-left:0;font-style:normal;font-weight:400\">Photos : Maxime Vermeulen<\/p>\n\n\n\n<div class=\"wp-block-columns is-layout-flex wp-container-core-columns-is-layout-4 wp-block-columns-is-layout-flex\">\n<div class=\"wp-block-column is-layout-flow wp-block-column-is-layout-flow\"><\/div>\n\n\n\n<div class=\"wp-block-column is-layout-flow wp-block-column-is-layout-flow\"><\/div>\n\n\n\n<div class=\"wp-block-column is-layout-flow wp-block-column-is-layout-flow\">\n<figure class=\"wp-block-image size-full is-resized\"><a href=\"https:\/\/maps.app.goo.gl\/R9WT8zWfZubmiAKZA\" target=\"_blank\" rel=\"https:\/\/www.google.com\/maps\/@49.6644756,5.4964363,3a,75y,246.33h,85.04t\/data=!3m7!1e1!3m5!1s_mXz4HOgOcRc02mve8b_VQ!2e0!5s20230801T000000!7i16384!8i8192?entry=ttu noreferrer noopener\"><img loading=\"lazy\" decoding=\"async\" width=\"674\" height=\"371\" src=\"https:\/\/www.atelierpaysage.be\/wp-content\/uploads\/2024\/01\/picto-localisation-3.jpg\" alt=\"\" class=\"wp-image-1525\" style=\"width:197px;height:auto\" srcset=\"https:\/\/www.atelierpaysage.be\/wp-content\/uploads\/2024\/01\/picto-localisation-3.jpg 674w, https:\/\/www.atelierpaysage.be\/wp-content\/uploads\/2024\/01\/picto-localisation-3-400x220.jpg 400w\" sizes=\"(max-width: 674px) 100vw, 674px\" \/><\/a><\/figure>\n<\/div>\n<\/div>\n","protected":false},"excerpt":{"rendered":"<p>CR\u00e9ation d\u2019une aire de jeux et de convivialit\u00e9 dans le centre du village Maitre d&rsquo;ouvrage \/ Commune d&rsquo;Assesse &#8211; Projet PCDR et INFRASPORT Auteur de projet \/ ATELIER PAYSAGE srl Entreprise \/ QUINTELIER Budget HTVA \/ 270 000 \u20ac R\u00e9alisation \/ Travaux r\u00e9ceptionn\u00e9s en 2023 Superficie \/ 3000 m\u00b2 Au centre du village, les habitants [&hellip;]<\/p>\n","protected":false},"author":4,"featured_media":1608,"comment_status":"closed","ping_status":"closed","sticky":false,"template":"page-without-title","format":"standard","meta":{"footnotes":""},"categories":[16,39],"tags":[],"class_list":["post-1606","post","type-post","status-publish","format-standard","has-post-thumbnail","hentry","category-jeux-et-sports","category-places-et-parvis"],"_links":{"self":[{"href":"https:\/\/www.atelierpaysage.be\/index.php?rest_route=\/wp\/v2\/posts\/1606"}],"collection":[{"href":"https:\/\/www.atelierpaysage.be\/index.php?rest_route=\/wp\/v2\/posts"}],"about":[{"href":"https:\/\/www.atelierpaysage.be\/index.php?rest_route=\/wp\/v2\/types\/post"}],"author":[{"embeddable":true,"href":"https:\/\/www.atelierpaysage.be\/index.php?rest_route=\/wp\/v2\/users\/4"}],"replies":[{"embeddable":true,"href":"https:\/\/www.atelierpaysage.be\/index.php?rest_route=%2Fwp%2Fv2%2Fcomments&post=1606"}],"version-history":[{"count":15,"href":"https:\/\/www.atelierpaysage.be\/index.php?rest_route=\/wp\/v2\/posts\/1606\/revisions"}],"predecessor-version":[{"id":2548,"href":"https:\/\/www.atelierpaysage.be\/index.php?rest_route=\/wp\/v2\/posts\/1606\/revisions\/2548"}],"wp:featuredmedia":[{"embeddable":true,"href":"https:\/\/www.atelierpaysage.be\/index.php?rest_route=\/wp\/v2\/media\/1608"}],"wp:attachment":[{"href":"https:\/\/www.atelierpaysage.be\/index.php?rest_route=%2Fwp%2Fv2%2Fmedia&parent=1606"}],"wp:term":[{"taxonomy":"category","embeddable":true,"href":"https:\/\/www.atelierpaysage.be\/index.php?rest_route=%2Fwp%2Fv2%2Fcategories&post=1606"},{"taxonomy":"post_tag","embeddable":true,"href":"https:\/\/www.atelierpaysage.be\/index.php?rest_route=%2Fwp%2Fv2%2Ftags&post=1606"}],"curies":[{"name":"wp","href":"https:\/\/api.w.org\/{rel}","templated":true}]}}