{"id":1716,"date":"2024-08-06T14:00:00","date_gmt":"2024-08-06T12:00:00","guid":{"rendered":"https:\/\/www.atelierpaysage.be\/?p=1716"},"modified":"2025-09-01T12:27:34","modified_gmt":"2025-09-01T10:27:34","slug":"parc-winson-2","status":"publish","type":"post","link":"https:\/\/www.atelierpaysage.be\/?p=1716","title":{"rendered":"Parc Winson"},"content":{"rendered":"<h2 style=\"color:#c75664; font-size:1.6rem;font-style:normal;font-weight:400;line-height:1;text-transform:uppercase; padding-top:0;padding-bottom:0;padding-left:0;padding-right:0;margin-top:0;margin-bottom:0;margin-left:0;margin-right:0;\" class=\"has-link-color wp-elements-191a8bd8a576ac9105440b56ed2d30bf wp-block-post-title has-text-color has-objektiv-mk-3-font-family\">Parc Winson<\/h2>\n\n\n<div style=\"height:20px\" aria-hidden=\"true\" class=\"wp-block-spacer\"><\/div>\n\n\n\n<p class=\"has-foreground-color has-text-color has-link-color has-objektiv-mk-3-font-family wp-elements-71622f904e8eb58c32387aff39b07753\" style=\"margin-top:0;margin-right:0;margin-bottom:0;margin-left:0;padding-top:0;padding-right:0;padding-bottom:0;padding-left:0;font-size:0.9rem;font-style:normal;font-weight:500;line-height:1.5;text-transform:uppercase\">Cr\u00e9ation d\u2019un parc public autour de l&rsquo;espace winson \u00e0 fosses-la-ville<\/p>\n\n\n\n<figure class=\"wp-block-image size-large is-resized\"><img loading=\"lazy\" decoding=\"async\" width=\"1024\" height=\"768\" src=\"http:\/\/www.atelierpaysage.be\/wp-content\/uploads\/2024\/08\/image00024-1024x768.jpg\" alt=\"\" class=\"wp-image-2436\" style=\"width:641px\" srcset=\"https:\/\/www.atelierpaysage.be\/wp-content\/uploads\/2024\/08\/image00024-1024x768.jpg 1024w, https:\/\/www.atelierpaysage.be\/wp-content\/uploads\/2024\/08\/image00024-400x300.jpg 400w, https:\/\/www.atelierpaysage.be\/wp-content\/uploads\/2024\/08\/image00024-768x576.jpg 768w, https:\/\/www.atelierpaysage.be\/wp-content\/uploads\/2024\/08\/image00024-1536x1152.jpg 1536w, https:\/\/www.atelierpaysage.be\/wp-content\/uploads\/2024\/08\/image00024-2048x1536.jpg 2048w\" sizes=\"(max-width: 1024px) 100vw, 1024px\" \/><\/figure>\n\n\n\n<div style=\"height:0px\" aria-hidden=\"true\" class=\"wp-block-spacer\"><\/div>\n\n\n\n<div style=\"height:0px\" aria-hidden=\"true\" class=\"wp-block-spacer\"><\/div>\n\n\n\n<div class=\"wp-block-columns is-layout-flex wp-container-core-columns-is-layout-1 wp-block-columns-is-layout-flex\">\n<div class=\"wp-block-column is-layout-flow wp-block-column-is-layout-flow\"><div style=\"font-size:0.7rem;font-style:normal;font-weight:400\" class=\"taxonomy-category wp-block-post-terms has-objektiv-mk-3-font-family\"><a href=\"https:\/\/www.atelierpaysage.be\/?cat=16\" rel=\"tag\">Jeux et sports<\/a><span class=\"wp-block-post-terms__separator\">&#010;<\/span><a href=\"https:\/\/www.atelierpaysage.be\/?cat=38\" rel=\"tag\">Liaisons pi\u00e9tonnes<\/a><span class=\"wp-block-post-terms__separator\">&#010;<\/span><a href=\"https:\/\/www.atelierpaysage.be\/?cat=11\" rel=\"tag\">Parcs publics<\/a><span class=\"wp-block-post-terms__separator\">&#010;<\/span><a href=\"https:\/\/www.atelierpaysage.be\/?cat=39\" rel=\"tag\">Places et parvis<\/a><span class=\"wp-block-post-terms__separator\">&#010;<\/span><a href=\"https:\/\/www.atelierpaysage.be\/?cat=37\" rel=\"tag\">Rivi\u00e8res et plaines<\/a><\/div><\/div>\n\n\n\n<div class=\"wp-block-column is-layout-flow wp-block-column-is-layout-flow\">\n<p class=\"has-objektiv-mk-3-font-family\" style=\"margin-top:0;margin-right:0;margin-bottom:0;margin-left:0;padding-top:0;padding-right:0;padding-bottom:0;padding-left:0;font-size:0.7rem;font-style:normal;font-weight:400\"><mark style=\"background-color:rgba(0, 0, 0, 0);color:#878786\" class=\"has-inline-color\">Maitre d&rsquo;ouvrage \/<\/mark> <\/p>\n\n\n\n<p class=\"has-objektiv-mk-3-font-family\" style=\"margin-top:0;margin-right:0;margin-bottom:0;margin-left:0;padding-top:0;padding-right:0;padding-bottom:0;padding-left:0;font-size:0.7rem;font-style:normal;font-weight:400\">Ville de Fosses-La-Ville<\/p>\n\n\n\n<div style=\"height:0px\" aria-hidden=\"true\" class=\"wp-block-spacer\"><\/div>\n\n\n\n<p class=\"has-objektiv-mk-3-font-family\" style=\"margin-top:0;margin-right:0;margin-bottom:0;margin-left:0;padding-top:0;padding-right:0;padding-bottom:0;padding-left:0;font-size:0.7rem;font-style:normal;font-weight:400\"><mark style=\"background-color:rgba(0, 0, 0, 0);color:#878786\" class=\"has-inline-color\">Auteur de projet \/ <\/mark><\/p>\n\n\n\n<p class=\"has-objektiv-mk-3-font-family\" style=\"margin-top:0;margin-right:0;margin-bottom:0;margin-left:0;padding-top:0;padding-right:0;padding-bottom:0;padding-left:0;font-size:0.7rem;font-style:normal;font-weight:400\">ATELIER PAYSAGE srl<\/p>\n\n\n\n<div style=\"height:0px\" aria-hidden=\"true\" class=\"wp-block-spacer\"><\/div>\n\n\n\n<p class=\"has-objektiv-mk-3-font-family\" style=\"margin-top:0;margin-right:0;margin-bottom:0;margin-left:0;padding-top:0;padding-right:0;padding-bottom:0;padding-left:0;font-size:0.7rem;font-style:normal;font-weight:400\"><mark style=\"background-color:rgba(0, 0, 0, 0);color:#878786\" class=\"has-inline-color\">Entreprise \/ <\/mark><\/p>\n\n\n\n<p class=\"has-objektiv-mk-3-font-family\" style=\"margin-top:0;margin-right:0;margin-bottom:0;margin-left:0;padding-top:0;padding-right:0;padding-bottom:0;padding-left:0;font-size:0.7rem;font-style:normal;font-weight:400\">EECOCUR<\/p>\n<\/div>\n\n\n\n<div class=\"wp-block-column is-layout-flow wp-block-column-is-layout-flow\">\n<p class=\"has-objektiv-mk-3-font-family\" style=\"margin-top:0;margin-right:0;margin-bottom:0;margin-left:0;padding-top:0;padding-right:0;padding-bottom:0;padding-left:0;font-size:0.7rem;font-style:normal;font-weight:400\"><mark style=\"background-color:rgba(0, 0, 0, 0);color:#878786\" class=\"has-inline-color\">Budget HTVA \/<\/mark><\/p>\n\n\n\n<p class=\"has-objektiv-mk-3-font-family\" style=\"margin-top:0;margin-right:0;margin-bottom:0;margin-left:0;padding-top:0;padding-right:0;padding-bottom:0;padding-left:0;font-size:0.7rem\">1 150 000 \u20ac<\/p>\n\n\n\n<div style=\"height:0px\" aria-hidden=\"true\" class=\"wp-block-spacer\"><\/div>\n\n\n\n<p class=\"has-objektiv-mk-3-font-family\" style=\"margin-top:0;margin-right:0;margin-bottom:0;margin-left:0;padding-top:0;padding-right:0;padding-bottom:0;padding-left:0;font-size:0.7rem;font-style:normal;font-weight:400\"><mark style=\"background-color:rgba(0, 0, 0, 0);color:#878786\" class=\"has-inline-color\">R\u00e9alisation \/<\/mark> <\/p>\n\n\n\n<p class=\"has-objektiv-mk-3-font-family\" style=\"margin-top:0;margin-right:0;margin-bottom:0;margin-left:0;padding-top:0;padding-right:0;padding-bottom:0;padding-left:0;font-size:0.7rem;font-style:normal;font-weight:400\">Chantier r\u00e9ceptionn\u00e9 en 2024<\/p>\n\n\n\n<div style=\"height:0px\" aria-hidden=\"true\" class=\"wp-block-spacer\"><\/div>\n\n\n\n<p class=\"has-objektiv-mk-3-font-family\" style=\"margin-top:0;margin-right:0;margin-bottom:0;margin-left:0;padding-top:0;padding-right:0;padding-bottom:0;padding-left:0;font-size:0.7rem;font-style:normal;font-weight:400\"><mark style=\"background-color:rgba(0, 0, 0, 0);color:#878786\" class=\"has-inline-color\">Superficie \/<\/mark> <\/p>\n\n\n\n<p class=\"has-objektiv-mk-3-font-family\" style=\"margin-top:0;margin-right:0;margin-bottom:0;margin-left:0;padding-top:0;padding-right:0;padding-bottom:0;padding-left:0;font-size:0.7rem;font-style:normal;font-weight:400\">1,65 ha<\/p>\n<\/div>\n<\/div>\n\n\n\n<div style=\"height:0px\" aria-hidden=\"true\" class=\"wp-block-spacer\"><\/div>\n\n\n\n<p class=\"has-foreground-color has-text-color has-link-color has-objektiv-mk-3-font-family wp-elements-886f2a54a74d7a756803daecfc525a8b\" style=\"margin-top:0;margin-right:0;margin-bottom:0;margin-left:0;padding-top:var(--wp--preset--spacing--20);padding-right:0;padding-bottom:var(--wp--preset--spacing--20);padding-left:0;font-size:0.8rem;font-style:normal;font-weight:400\">Fosses-la-ville a install\u00e9 son administration et son centre culturel dans l\u2019ancien ch\u00e2teau et ferme de la famille Winson, transform\u00e9s en 2019. Le parc de 3ha, entour\u00e9 d\u2019un mur d\u2019enceinte, comprend l\u2019ancienne demeure, un hospice, une cour d\u2019honneur et un parc arbor\u00e9 avec \u00e9tang. La ferme s\u2019ouvrait sur des prairies mar\u00e9cageuses et les campagnes.<\/p>\n\n\n\n<p class=\"has-foreground-color has-text-color has-link-color has-objektiv-mk-3-font-family wp-elements-94cc101367e7774502e772d73025d589\" style=\"margin-top:0;margin-right:0;margin-bottom:0;margin-left:0;padding-top:var(--wp--preset--spacing--20);padding-right:0;padding-bottom:var(--wp--preset--spacing--20);padding-left:0;font-size:0.8rem;font-style:normal;font-weight:400\">Le projet se d\u00e9veloppe autour d\u2019un nouvel axe de composition, reliant la ville, son clocher et les campagnes :<\/p>\n\n\n\n<ul style=\"margin-top:0;margin-bottom:0;padding-top:var(--wp--preset--spacing--20);padding-right:var(--wp--preset--spacing--60);padding-bottom:var(--wp--preset--spacing--20);padding-left:var(--wp--preset--spacing--60)\" class=\"wp-block-list\">\n<li style=\"font-size:0.8rem;font-style:normal;font-weight:400\" class=\"has-objektiv-mk-3-font-family\">le nouvel axe public ouvre la muraille et \u00e9tablit un lien fort avec la ville ;<\/li>\n\n\n\n<li style=\"font-size:0.8rem;font-style:normal;font-weight:400\" class=\"has-objektiv-mk-3-font-family\">il unifie les moiti\u00e9s noble et paysanne du site.<\/li>\n<\/ul>\n\n\n\n<p class=\"has-foreground-color has-text-color has-link-color has-objektiv-mk-3-font-family wp-elements-6e5ad6468163ef23a153b34c6e872c2a\" style=\"margin-top:0;margin-right:0;margin-bottom:0;margin-left:0;padding-top:var(--wp--preset--spacing--20);padding-right:0;padding-bottom:var(--wp--preset--spacing--20);padding-left:0;font-size:0.8rem;font-style:normal;font-weight:400\">Le r\u00e9am\u00e9nagement du parc a restaur\u00e9 les murailles, cr\u00e9\u00e9 de nouveaux acc\u00e8s, sentiers vari\u00e9s, \u00e9quipements d\u2019accueil, de confort et de jeux. L\u2019architecture et le paysage permettent un dialogue constant entre int\u00e9rieur et ext\u00e9rieur, ancien et nouveau.<\/p>\n\n\n\n<p class=\"has-foreground-color has-text-color has-link-color has-objektiv-mk-3-font-family wp-elements-f08f50108ac5ad0f0d167887f3ea096b\" style=\"margin-top:0;margin-right:0;margin-bottom:0;margin-left:0;padding-top:var(--wp--preset--spacing--20);padding-right:0;padding-bottom:var(--wp--preset--spacing--20);padding-left:0;font-size:0.8rem;font-style:normal;font-weight:400\">Le projet pr\u00e9serve les structures anciennes tout en int\u00e9grant une nouvelle composition contemporaine. Les fonctions institutionnelles, cultuelles et r\u00e9cr\u00e9atives du parc s\u2019enrichissent de services \u00e9cosyst\u00e9miques vari\u00e9s : zone humide, prairie s\u00e8che, prairies fleuries, pelouses, arbres remarquables et jeunes plantations, arboretum, bosquet, verger, taillis d\u2019aulnes et saules t\u00eatards.<\/p>\n\n\n\n<figure class=\"wp-block-image size-large is-resized\"><img loading=\"lazy\" decoding=\"async\" width=\"1024\" height=\"768\" src=\"http:\/\/www.atelierpaysage.be\/wp-content\/uploads\/2024\/08\/image00007-1024x768.jpg\" alt=\"\" class=\"wp-image-2441\" style=\"width:641px\" srcset=\"https:\/\/www.atelierpaysage.be\/wp-content\/uploads\/2024\/08\/image00007-1024x768.jpg 1024w, https:\/\/www.atelierpaysage.be\/wp-content\/uploads\/2024\/08\/image00007-400x300.jpg 400w, https:\/\/www.atelierpaysage.be\/wp-content\/uploads\/2024\/08\/image00007-768x576.jpg 768w, https:\/\/www.atelierpaysage.be\/wp-content\/uploads\/2024\/08\/image00007-1536x1152.jpg 1536w, https:\/\/www.atelierpaysage.be\/wp-content\/uploads\/2024\/08\/image00007.jpg 1706w\" sizes=\"(max-width: 1024px) 100vw, 1024px\" \/><\/figure>\n\n\n\n<div style=\"height:2px\" aria-hidden=\"true\" class=\"wp-block-spacer\"><\/div>\n\n\n\n<div class=\"wp-block-columns is-layout-flex wp-container-core-columns-is-layout-2 wp-block-columns-is-layout-flex\">\n<div class=\"wp-block-column is-layout-flow wp-block-column-is-layout-flow\">\n<figure class=\"wp-block-image size-large is-resized\"><img loading=\"lazy\" decoding=\"async\" width=\"1024\" height=\"626\" src=\"https:\/\/www.atelierpaysage.be\/wp-content\/uploads\/2023\/12\/AtelierPaysage_ParcWinson_Fosses-La-Ville_5-1024x626.jpg\" alt=\"\" class=\"wp-image-771\" style=\"object-fit:cover;width:310px;height:209px\" srcset=\"https:\/\/www.atelierpaysage.be\/wp-content\/uploads\/2023\/12\/AtelierPaysage_ParcWinson_Fosses-La-Ville_5-1024x626.jpg 1024w, https:\/\/www.atelierpaysage.be\/wp-content\/uploads\/2023\/12\/AtelierPaysage_ParcWinson_Fosses-La-Ville_5-400x244.jpg 400w, https:\/\/www.atelierpaysage.be\/wp-content\/uploads\/2023\/12\/AtelierPaysage_ParcWinson_Fosses-La-Ville_5-768x469.jpg 768w, https:\/\/www.atelierpaysage.be\/wp-content\/uploads\/2023\/12\/AtelierPaysage_ParcWinson_Fosses-La-Ville_5.jpg 1488w\" sizes=\"(max-width: 1024px) 100vw, 1024px\" \/><\/figure>\n\n\n\n<figure class=\"wp-block-image size-large is-resized\"><img loading=\"lazy\" decoding=\"async\" width=\"1024\" height=\"768\" src=\"http:\/\/www.atelierpaysage.be\/wp-content\/uploads\/2024\/08\/image00039-1024x768.jpg\" alt=\"\" class=\"wp-image-2432\" style=\"object-fit:cover;width:310px;height:209px\" srcset=\"https:\/\/www.atelierpaysage.be\/wp-content\/uploads\/2024\/08\/image00039-1024x768.jpg 1024w, https:\/\/www.atelierpaysage.be\/wp-content\/uploads\/2024\/08\/image00039-400x300.jpg 400w, https:\/\/www.atelierpaysage.be\/wp-content\/uploads\/2024\/08\/image00039-768x576.jpg 768w, https:\/\/www.atelierpaysage.be\/wp-content\/uploads\/2024\/08\/image00039-1536x1152.jpg 1536w, https:\/\/www.atelierpaysage.be\/wp-content\/uploads\/2024\/08\/image00039-2048x1536.jpg 2048w\" sizes=\"(max-width: 1024px) 100vw, 1024px\" \/><\/figure>\n<\/div>\n\n\n\n<div class=\"wp-block-column is-layout-flow wp-block-column-is-layout-flow\">\n<figure class=\"wp-block-image size-large is-resized\"><img loading=\"lazy\" decoding=\"async\" width=\"768\" height=\"1024\" src=\"http:\/\/www.atelierpaysage.be\/wp-content\/uploads\/2024\/08\/image00055-768x1024.jpg\" alt=\"\" class=\"wp-image-2435\" style=\"object-fit:cover;width:310px;height:443px\" srcset=\"https:\/\/www.atelierpaysage.be\/wp-content\/uploads\/2024\/08\/image00055-768x1024.jpg 768w, https:\/\/www.atelierpaysage.be\/wp-content\/uploads\/2024\/08\/image00055-300x400.jpg 300w, https:\/\/www.atelierpaysage.be\/wp-content\/uploads\/2024\/08\/image00055-1152x1536.jpg 1152w, https:\/\/www.atelierpaysage.be\/wp-content\/uploads\/2024\/08\/image00055-1536x2048.jpg 1536w, https:\/\/www.atelierpaysage.be\/wp-content\/uploads\/2024\/08\/image00055.jpg 1604w\" sizes=\"(max-width: 768px) 100vw, 768px\" \/><\/figure>\n<\/div>\n<\/div>\n\n\n\n<figure class=\"wp-block-image size-large is-resized\"><img loading=\"lazy\" decoding=\"async\" width=\"1024\" height=\"767\" src=\"http:\/\/www.atelierpaysage.be\/wp-content\/uploads\/2024\/08\/image00060-1024x767.jpg\" alt=\"\" class=\"wp-image-2440\" style=\"width:641px\" srcset=\"https:\/\/www.atelierpaysage.be\/wp-content\/uploads\/2024\/08\/image00060-1024x767.jpg 1024w, https:\/\/www.atelierpaysage.be\/wp-content\/uploads\/2024\/08\/image00060-400x300.jpg 400w, https:\/\/www.atelierpaysage.be\/wp-content\/uploads\/2024\/08\/image00060-768x576.jpg 768w, https:\/\/www.atelierpaysage.be\/wp-content\/uploads\/2024\/08\/image00060-1536x1151.jpg 1536w, https:\/\/www.atelierpaysage.be\/wp-content\/uploads\/2024\/08\/image00060.jpg 1708w\" sizes=\"(max-width: 1024px) 100vw, 1024px\" \/><\/figure>\n\n\n\n<figure class=\"wp-block-image size-large is-resized\"><img loading=\"lazy\" decoding=\"async\" width=\"1024\" height=\"737\" src=\"https:\/\/www.atelierpaysage.be\/wp-content\/uploads\/2024\/03\/plan-axo-1024x737.jpg\" alt=\"\" class=\"wp-image-1978\" style=\"width:641px\" srcset=\"https:\/\/www.atelierpaysage.be\/wp-content\/uploads\/2024\/03\/plan-axo-1024x737.jpg 1024w, https:\/\/www.atelierpaysage.be\/wp-content\/uploads\/2024\/03\/plan-axo-400x288.jpg 400w, https:\/\/www.atelierpaysage.be\/wp-content\/uploads\/2024\/03\/plan-axo-768x553.jpg 768w, https:\/\/www.atelierpaysage.be\/wp-content\/uploads\/2024\/03\/plan-axo-1536x1105.jpg 1536w, https:\/\/www.atelierpaysage.be\/wp-content\/uploads\/2024\/03\/plan-axo.jpg 1939w\" sizes=\"(max-width: 1024px) 100vw, 1024px\" \/><\/figure>\n\n\n\n<figure class=\"wp-block-image size-large is-resized\"><img loading=\"lazy\" decoding=\"async\" width=\"1024\" height=\"768\" src=\"http:\/\/www.atelierpaysage.be\/wp-content\/uploads\/2024\/08\/image00048-1024x768.jpg\" alt=\"\" class=\"wp-image-2433\" style=\"width:641px\" srcset=\"https:\/\/www.atelierpaysage.be\/wp-content\/uploads\/2024\/08\/image00048-1024x768.jpg 1024w, https:\/\/www.atelierpaysage.be\/wp-content\/uploads\/2024\/08\/image00048-400x300.jpg 400w, https:\/\/www.atelierpaysage.be\/wp-content\/uploads\/2024\/08\/image00048-768x576.jpg 768w, https:\/\/www.atelierpaysage.be\/wp-content\/uploads\/2024\/08\/image00048-1536x1152.jpg 1536w, https:\/\/www.atelierpaysage.be\/wp-content\/uploads\/2024\/08\/image00048-2048x1536.jpg 2048w\" sizes=\"(max-width: 1024px) 100vw, 1024px\" \/><\/figure>\n\n\n\n<figure class=\"wp-block-image size-large is-resized\"><img loading=\"lazy\" decoding=\"async\" width=\"1024\" height=\"768\" src=\"http:\/\/www.atelierpaysage.be\/wp-content\/uploads\/2024\/08\/image00033-1024x768.jpg\" alt=\"\" class=\"wp-image-2431\" style=\"width:641px\" srcset=\"https:\/\/www.atelierpaysage.be\/wp-content\/uploads\/2024\/08\/image00033-1024x768.jpg 1024w, https:\/\/www.atelierpaysage.be\/wp-content\/uploads\/2024\/08\/image00033-400x300.jpg 400w, https:\/\/www.atelierpaysage.be\/wp-content\/uploads\/2024\/08\/image00033-768x576.jpg 768w, https:\/\/www.atelierpaysage.be\/wp-content\/uploads\/2024\/08\/image00033-1536x1152.jpg 1536w, https:\/\/www.atelierpaysage.be\/wp-content\/uploads\/2024\/08\/image00033-2048x1536.jpg 2048w\" sizes=\"(max-width: 1024px) 100vw, 1024px\" \/><\/figure>\n","protected":false},"excerpt":{"rendered":"<p>Cr\u00e9ation d\u2019un parc public autour de l&rsquo;espace winson \u00e0 fosses-la-ville Maitre d&rsquo;ouvrage \/ Ville de Fosses-La-Ville Auteur de projet \/ ATELIER PAYSAGE srl Entreprise \/ EECOCUR Budget HTVA \/ 1 150 000 \u20ac R\u00e9alisation \/ Chantier r\u00e9ceptionn\u00e9 en 2024 Superficie \/ 1,65 ha Fosses-la-ville a install\u00e9 son administration et son centre culturel dans l\u2019ancien ch\u00e2teau [&hellip;]<\/p>\n","protected":false},"author":4,"featured_media":2436,"comment_status":"closed","ping_status":"closed","sticky":false,"template":"page-without-title","format":"standard","meta":{"footnotes":""},"categories":[16,38,11,39,37],"tags":[],"class_list":["post-1716","post","type-post","status-publish","format-standard","has-post-thumbnail","hentry","category-jeux-et-sports","category-liaisons-pietonnes","category-parcs-publics","category-places-et-parvis","category-rivieres-et-plaines"],"_links":{"self":[{"href":"https:\/\/www.atelierpaysage.be\/index.php?rest_route=\/wp\/v2\/posts\/1716"}],"collection":[{"href":"https:\/\/www.atelierpaysage.be\/index.php?rest_route=\/wp\/v2\/posts"}],"about":[{"href":"https:\/\/www.atelierpaysage.be\/index.php?rest_route=\/wp\/v2\/types\/post"}],"author":[{"embeddable":true,"href":"https:\/\/www.atelierpaysage.be\/index.php?rest_route=\/wp\/v2\/users\/4"}],"replies":[{"embeddable":true,"href":"https:\/\/www.atelierpaysage.be\/index.php?rest_route=%2Fwp%2Fv2%2Fcomments&post=1716"}],"version-history":[{"count":20,"href":"https:\/\/www.atelierpaysage.be\/index.php?rest_route=\/wp\/v2\/posts\/1716\/revisions"}],"predecessor-version":[{"id":2546,"href":"https:\/\/www.atelierpaysage.be\/index.php?rest_route=\/wp\/v2\/posts\/1716\/revisions\/2546"}],"wp:featuredmedia":[{"embeddable":true,"href":"https:\/\/www.atelierpaysage.be\/index.php?rest_route=\/wp\/v2\/media\/2436"}],"wp:attachment":[{"href":"https:\/\/www.atelierpaysage.be\/index.php?rest_route=%2Fwp%2Fv2%2Fmedia&parent=1716"}],"wp:term":[{"taxonomy":"category","embeddable":true,"href":"https:\/\/www.atelierpaysage.be\/index.php?rest_route=%2Fwp%2Fv2%2Fcategories&post=1716"},{"taxonomy":"post_tag","embeddable":true,"href":"https:\/\/www.atelierpaysage.be\/index.php?rest_route=%2Fwp%2Fv2%2Ftags&post=1716"}],"curies":[{"name":"wp","href":"https:\/\/api.w.org\/{rel}","templated":true}]}}