{"id":2034,"date":"2024-08-06T06:00:00","date_gmt":"2024-08-06T04:00:00","guid":{"rendered":"https:\/\/www.atelierpaysage.be\/?p=2034"},"modified":"2024-09-09T16:54:09","modified_gmt":"2024-09-09T14:54:09","slug":"place-fayat-et-plaine-du-moulin-de-ferriere","status":"publish","type":"post","link":"https:\/\/www.atelierpaysage.be\/?p=2034","title":{"rendered":"Place Fayat et plaine du moulin de Ferri\u00e8re"},"content":{"rendered":"<h2 style=\"color:#e7a06c; font-size:1.6rem;font-style:normal;font-weight:400;line-height:1;text-transform:uppercase; padding-top:0;padding-bottom:0;padding-left:0;padding-right:0;margin-top:0;margin-bottom:0;margin-left:0;margin-right:0;\" class=\"has-link-color wp-elements-95d780f5d56f79bf09a2aa06d8afc997 wp-block-post-title has-text-color has-objektiv-mk-3-font-family\">Place Fayat et plaine du moulin de Ferri\u00e8re<\/h2>\n\n\n<div style=\"height:20px\" aria-hidden=\"true\" class=\"wp-block-spacer\"><\/div>\n\n\n\n<p class=\"has-objektiv-mk-3-font-family\" style=\"font-size:0.89rem;font-style:normal;font-weight:400;text-transform:uppercase\">AMENAGEMENT D\u2019UNE ZONE SEMI NATURELLE EN MILEU RURAL ET LIAISON PIETONNE ENTRE LES POLES DU VILLAGE DE LAVOIR<\/p>\n\n\n\n<figure class=\"wp-block-image size-large is-resized\"><img loading=\"lazy\" decoding=\"async\" width=\"1024\" height=\"737\" src=\"https:\/\/www.atelierpaysage.be\/wp-content\/uploads\/2024\/08\/Esquisse-1024x737.jpg\" alt=\"\" class=\"wp-image-2041\" style=\"width:641px\" srcset=\"https:\/\/www.atelierpaysage.be\/wp-content\/uploads\/2024\/08\/Esquisse-1024x737.jpg 1024w, https:\/\/www.atelierpaysage.be\/wp-content\/uploads\/2024\/08\/Esquisse-400x288.jpg 400w, https:\/\/www.atelierpaysage.be\/wp-content\/uploads\/2024\/08\/Esquisse-768x553.jpg 768w, https:\/\/www.atelierpaysage.be\/wp-content\/uploads\/2024\/08\/Esquisse-1536x1105.jpg 1536w, https:\/\/www.atelierpaysage.be\/wp-content\/uploads\/2024\/08\/Esquisse.jpg 1939w\" sizes=\"(max-width: 1024px) 100vw, 1024px\" \/><\/figure>\n\n\n\n<div class=\"wp-block-columns is-layout-flex wp-container-core-columns-is-layout-1 wp-block-columns-is-layout-flex\">\n<div class=\"wp-block-column is-layout-flow wp-block-column-is-layout-flow\"><div style=\"font-size:0.7rem;font-style:normal;font-weight:400\" class=\"taxonomy-category wp-block-post-terms has-objektiv-mk-3-font-family\"><a href=\"https:\/\/www.atelierpaysage.be\/?cat=16\" rel=\"tag\">Jeux et sports<\/a><span class=\"wp-block-post-terms__separator\">&#010;<\/span><a href=\"https:\/\/www.atelierpaysage.be\/?cat=38\" rel=\"tag\">Liaisons pi\u00e9tonnes<\/a><span class=\"wp-block-post-terms__separator\">&#010;<\/span><a href=\"https:\/\/www.atelierpaysage.be\/?cat=1\" rel=\"tag\">Non class\u00e9<\/a><span class=\"wp-block-post-terms__separator\">&#010;<\/span><a href=\"https:\/\/www.atelierpaysage.be\/?cat=11\" rel=\"tag\">Parcs publics<\/a><span class=\"wp-block-post-terms__separator\">&#010;<\/span><a href=\"https:\/\/www.atelierpaysage.be\/?cat=39\" rel=\"tag\">Places et parvis<\/a><span class=\"wp-block-post-terms__separator\">&#010;<\/span><a href=\"https:\/\/www.atelierpaysage.be\/?cat=37\" rel=\"tag\">Rivi\u00e8res et plaines<\/a><\/div><\/div>\n\n\n\n<div class=\"wp-block-column is-layout-flow wp-block-column-is-layout-flow\">\n<p class=\"has-objektiv-mk-3-font-family\" style=\"margin-top:0;margin-right:0;margin-bottom:0;margin-left:0;padding-top:0;padding-right:0;padding-bottom:0;padding-left:0;font-size:0.7rem;font-style:normal;font-weight:400\"><mark style=\"background-color:rgba(0, 0, 0, 0);color:#878786\" class=\"has-inline-color\">Maitre d&rsquo;ouvrage \/<\/mark> <\/p>\n\n\n\n<p class=\"has-objektiv-mk-3-font-family\" style=\"margin-top:0;margin-right:0;margin-bottom:0;margin-left:0;padding-top:0;padding-right:0;padding-bottom:0;padding-left:0;font-size:0.7rem;font-style:normal;font-weight:400\">Commune de H\u00e9ron<\/p>\n\n\n\n<div style=\"height:0px\" aria-hidden=\"true\" class=\"wp-block-spacer\"><\/div>\n\n\n\n<p class=\"has-objektiv-mk-3-font-family\" style=\"margin-top:0;margin-right:0;margin-bottom:0;margin-left:0;padding-top:0;padding-right:0;padding-bottom:0;padding-left:0;font-size:0.7rem;font-style:normal;font-weight:400\"><mark style=\"background-color:rgba(0, 0, 0, 0);color:#878786\" class=\"has-inline-color\">Auteur de projet \/ <\/mark><\/p>\n\n\n\n<p class=\"has-objektiv-mk-3-font-family\" style=\"margin-top:0;margin-right:0;margin-bottom:0;margin-left:0;padding-top:0;padding-right:0;padding-bottom:0;padding-left:0;font-size:0.7rem;font-style:normal;font-weight:400\">ATELIER PAYSAGE srl<\/p>\n<\/div>\n\n\n\n<div class=\"wp-block-column is-layout-flow wp-block-column-is-layout-flow\">\n<p class=\"has-objektiv-mk-3-font-family\" style=\"margin-top:0;margin-right:0;margin-bottom:0;margin-left:0;padding-top:0;padding-right:0;padding-bottom:0;padding-left:0;font-size:0.7rem;font-style:normal;font-weight:400\"><mark style=\"background-color:rgba(0, 0, 0, 0);color:#878786\" class=\"has-inline-color\">Budget HTVA \/<\/mark><\/p>\n\n\n\n<p class=\"has-objektiv-mk-3-font-family\" style=\"margin-top:0;margin-right:0;margin-bottom:0;margin-left:0;padding-top:0;padding-right:0;padding-bottom:0;padding-left:0;font-size:0.7rem;font-style:normal;font-weight:400\">1 125 000 \u20ac<\/p>\n\n\n\n<div style=\"height:0px\" aria-hidden=\"true\" class=\"wp-block-spacer\"><\/div>\n\n\n\n<p class=\"has-objektiv-mk-3-font-family\" style=\"margin-top:0;margin-right:0;margin-bottom:0;margin-left:0;padding-top:0;padding-right:0;padding-bottom:0;padding-left:0;font-size:0.7rem;font-style:normal;font-weight:400\"><mark style=\"background-color:rgba(0, 0, 0, 0);color:#878786\" class=\"has-inline-color\">R\u00e9alisation \/<\/mark> <\/p>\n\n\n\n<p class=\"has-objektiv-mk-3-font-family\" style=\"margin-top:0;margin-right:0;margin-bottom:0;margin-left:0;padding-top:0;padding-right:0;padding-bottom:0;padding-left:0;font-size:0.7rem;font-style:normal;font-weight:400\">Etude en cours<\/p>\n\n\n\n<div style=\"height:0px\" aria-hidden=\"true\" class=\"wp-block-spacer\"><\/div>\n\n\n\n<p class=\"has-objektiv-mk-3-font-family\" style=\"margin-top:0;margin-right:0;margin-bottom:0;margin-left:0;padding-top:0;padding-right:0;padding-bottom:0;padding-left:0;font-size:0.7rem;font-style:normal;font-weight:400\"><mark style=\"background-color:rgba(0, 0, 0, 0);color:#878786\" class=\"has-inline-color\">Superficie \/<\/mark> <\/p>\n\n\n\n<p class=\"has-objektiv-mk-3-font-family\" style=\"margin-top:0;margin-right:0;margin-bottom:0;margin-left:0;padding-top:0;padding-right:0;padding-bottom:0;padding-left:0;font-size:0.7rem;font-style:normal;font-weight:400\">3,5 ha<\/p>\n<\/div>\n<\/div>\n\n\n\n<p class=\"has-objektiv-mk-3-font-family has-large-font-size\" style=\"line-height:1.5\">Le projet s&rsquo;inscrit dans un sch\u00e9ma directeur d&rsquo;am\u00e9nagement paysager d\u2019un ensemble de parcelles \u00e0 usage public autour du Moulin de Ferri\u00e8res. Ce dernier accueille une meunerie, une salle de f\u00eates, un g\u00eete, un restaurant et une boulangerie ainsi que de nombreuses activit\u00e9s culturelles et festives.<\/p>\n\n\n\n<p class=\"has-objektiv-mk-3-font-family has-large-font-size\" style=\"margin-top:0;margin-right:0;margin-bottom:0;margin-left:0;padding-top:var(--wp--preset--spacing--20);padding-right:0;padding-bottom:var(--wp--preset--spacing--20);padding-left:0;font-style:normal;font-weight:400\">L\u2019ensemble paysager de 3,5 ha est sous gestion communale en partenariat avec &nbsp;le D\u00e9partement de la Nature et des For\u00eats (DNF), le Parc Naturel Burdinale-Mehaigne (PNBM), et diverses associations et groupes citoyens.<\/p>\n\n\n\n<p class=\"has-objektiv-mk-3-font-family has-large-font-size\" style=\"margin-top:0;margin-right:0;margin-bottom:0;margin-left:0;padding-top:var(--wp--preset--spacing--20);padding-right:0;padding-bottom:var(--wp--preset--spacing--20);padding-left:0;font-style:normal;font-weight:400\">Le projet vise \u00e0 renforcer les trames bleues et vertes du socle paysage existant et \u00e0 introduire de nouveaux usages de promenade, convivialit\u00e9 et d\u00e9couverte.<\/p>\n\n\n\n<p class=\"has-objektiv-mk-3-font-family has-large-font-size\" style=\"margin-top:0;margin-right:0;margin-bottom:0;margin-left:0;padding-top:var(--wp--preset--spacing--20);padding-right:0;padding-bottom:var(--wp--preset--spacing--20);padding-left:0;font-style:normal;font-weight:400\">Au niveau du ruisseau de Fosseroule, diff\u00e9rentes interventions seront men\u00e9es pour la remise en eau de l\u2019ancien bief et son r\u00e9servoir d\u2019une part et d\u2019autre part pour garantir et am\u00e9liorer la qualit\u00e9 biologique et hydraulique du cours principal.<\/p>\n\n\n\n<p class=\"has-objektiv-mk-3-font-family has-large-font-size\" style=\"margin-top:0;margin-right:0;margin-bottom:0;margin-left:0;padding-top:var(--wp--preset--spacing--20);padding-right:0;padding-bottom:var(--wp--preset--spacing--20);padding-left:0;font-style:normal;font-weight:400\">Une diversit\u00e9 de milieux \u00e9cologiques existe d\u00e9j\u00e0 ou est en train de se d\u00e9velopper gr\u00e2ce aux travaux ant\u00e9rieurs, tels que la plantation de haies vives et la cr\u00e9ation d&rsquo;un nouveau verger. Le projet soutient cette d\u00e9marche en d\u00e9veloppant des modes de gestion visant \u00e0 assurer la p\u00e9rennit\u00e9 de ces milieux, notamment par la mise en p\u00e2ture des prairies et par la plantation d&rsquo;arbres isol\u00e9s et le renforcement de la ripisylve en fond de plaine.<\/p>\n\n\n\n<p class=\"has-objektiv-mk-3-font-family has-large-font-size\" style=\"margin-top:0;margin-right:0;margin-bottom:0;margin-left:0;padding-top:var(--wp--preset--spacing--20);padding-right:0;padding-bottom:var(--wp--preset--spacing--20);padding-left:0;font-style:normal;font-weight:400\">Le projet pr\u00e9voit la cr\u00e9ation d&rsquo;un sentier de promenade (accessible PMR) de la Place Fayat jusqu&rsquo;\u00e0 la roue du Moulin, int\u00e9gr\u00e9 \u00e0 un r\u00e9seau plus vaste de promenades.<\/p>\n\n\n\n<p class=\"has-objektiv-mk-3-font-family has-large-font-size\" style=\"margin-top:0;margin-right:0;margin-bottom:0;margin-left:0;padding-top:var(--wp--preset--spacing--20);padding-right:0;padding-bottom:var(--wp--preset--spacing--20);padding-left:0;font-style:normal;font-weight:400\">Quelques \u00e9quipements de d\u00e9tente et de jeux seront dispos\u00e9s le long des parcours. Au niveau de la Place Fayat, un cercle en bois d\u00e9pos\u00e9 entre les arbres et surplombant la Fosseroule vise \u00e0 offrir une exp\u00e9rience originale. Des bancs et des tables de pique-nique sont pr\u00e9vus pour les habitants. Le projet pr\u00e9voit des gradins paysagers le long du cours d&rsquo;eau, exploitant le relief pour permettre le rassemblement et l&rsquo;organisation d&rsquo;activit\u00e9s de groupe. Une zone pr\u00e8s du Moulin est r\u00e9serv\u00e9e pour l&rsquo;installation d&rsquo;un chapiteau.<\/p>\n\n\n\n<p class=\"has-objektiv-mk-3-font-family has-large-font-size\" style=\"margin-top:0;margin-right:0;margin-bottom:0;margin-left:0;padding-top:var(--wp--preset--spacing--20);padding-right:0;padding-bottom:var(--wp--preset--spacing--20);padding-left:0;font-style:normal;font-weight:400\">L\u2019objectif est de renforcer une mosa\u00efque de milieux en gestion diff\u00e9renci\u00e9e comme support de biodiversit\u00e9 et support de d\u00e9couverte et de vivre ensemble au c\u0153ur de la ruralit\u00e9.<\/p>\n\n\n\n<figure class=\"wp-block-image size-large is-resized\"><img loading=\"lazy\" decoding=\"async\" width=\"1024\" height=\"737\" src=\"https:\/\/www.atelierpaysage.be\/wp-content\/uploads\/2024\/08\/Heron-Fayat-axono-1024x737.jpg\" alt=\"\" class=\"wp-image-2043\" style=\"width:641px\" srcset=\"https:\/\/www.atelierpaysage.be\/wp-content\/uploads\/2024\/08\/Heron-Fayat-axono-1024x737.jpg 1024w, https:\/\/www.atelierpaysage.be\/wp-content\/uploads\/2024\/08\/Heron-Fayat-axono-400x288.jpg 400w, https:\/\/www.atelierpaysage.be\/wp-content\/uploads\/2024\/08\/Heron-Fayat-axono-768x553.jpg 768w, https:\/\/www.atelierpaysage.be\/wp-content\/uploads\/2024\/08\/Heron-Fayat-axono-1536x1105.jpg 1536w, https:\/\/www.atelierpaysage.be\/wp-content\/uploads\/2024\/08\/Heron-Fayat-axono.jpg 1939w\" sizes=\"(max-width: 1024px) 100vw, 1024px\" \/><\/figure>\n\n\n\n<figure class=\"wp-block-image size-large is-resized\"><img loading=\"lazy\" decoding=\"async\" width=\"1024\" height=\"737\" src=\"https:\/\/www.atelierpaysage.be\/wp-content\/uploads\/2024\/08\/Heron-Moulin-axono-1024x737.jpg\" alt=\"\" class=\"wp-image-2042\" style=\"width:641px\" srcset=\"https:\/\/www.atelierpaysage.be\/wp-content\/uploads\/2024\/08\/Heron-Moulin-axono-1024x737.jpg 1024w, https:\/\/www.atelierpaysage.be\/wp-content\/uploads\/2024\/08\/Heron-Moulin-axono-400x288.jpg 400w, https:\/\/www.atelierpaysage.be\/wp-content\/uploads\/2024\/08\/Heron-Moulin-axono-768x553.jpg 768w, https:\/\/www.atelierpaysage.be\/wp-content\/uploads\/2024\/08\/Heron-Moulin-axono-1536x1105.jpg 1536w, https:\/\/www.atelierpaysage.be\/wp-content\/uploads\/2024\/08\/Heron-Moulin-axono.jpg 1939w\" sizes=\"(max-width: 1024px) 100vw, 1024px\" \/><\/figure>\n","protected":false},"excerpt":{"rendered":"<p>AMENAGEMENT D\u2019UNE ZONE SEMI NATURELLE EN MILEU RURAL ET LIAISON PIETONNE ENTRE LES POLES DU VILLAGE DE LAVOIR Maitre d&rsquo;ouvrage \/ Commune de H\u00e9ron Auteur de projet \/ ATELIER PAYSAGE srl Budget HTVA \/ 1 125 000 \u20ac R\u00e9alisation \/ Etude en cours Superficie \/ 3,5 ha Le projet s&rsquo;inscrit dans un sch\u00e9ma directeur d&rsquo;am\u00e9nagement [&hellip;]<\/p>\n","protected":false},"author":4,"featured_media":2041,"comment_status":"closed","ping_status":"closed","sticky":false,"template":"page-without-title","format":"standard","meta":{"footnotes":""},"categories":[16,38,1,11,39,37],"tags":[],"class_list":["post-2034","post","type-post","status-publish","format-standard","has-post-thumbnail","hentry","category-jeux-et-sports","category-liaisons-pietonnes","category-non-classe","category-parcs-publics","category-places-et-parvis","category-rivieres-et-plaines"],"_links":{"self":[{"href":"https:\/\/www.atelierpaysage.be\/index.php?rest_route=\/wp\/v2\/posts\/2034"}],"collection":[{"href":"https:\/\/www.atelierpaysage.be\/index.php?rest_route=\/wp\/v2\/posts"}],"about":[{"href":"https:\/\/www.atelierpaysage.be\/index.php?rest_route=\/wp\/v2\/types\/post"}],"author":[{"embeddable":true,"href":"https:\/\/www.atelierpaysage.be\/index.php?rest_route=\/wp\/v2\/users\/4"}],"replies":[{"embeddable":true,"href":"https:\/\/www.atelierpaysage.be\/index.php?rest_route=%2Fwp%2Fv2%2Fcomments&post=2034"}],"version-history":[{"count":10,"href":"https:\/\/www.atelierpaysage.be\/index.php?rest_route=\/wp\/v2\/posts\/2034\/revisions"}],"predecessor-version":[{"id":2369,"href":"https:\/\/www.atelierpaysage.be\/index.php?rest_route=\/wp\/v2\/posts\/2034\/revisions\/2369"}],"wp:featuredmedia":[{"embeddable":true,"href":"https:\/\/www.atelierpaysage.be\/index.php?rest_route=\/wp\/v2\/media\/2041"}],"wp:attachment":[{"href":"https:\/\/www.atelierpaysage.be\/index.php?rest_route=%2Fwp%2Fv2%2Fmedia&parent=2034"}],"wp:term":[{"taxonomy":"category","embeddable":true,"href":"https:\/\/www.atelierpaysage.be\/index.php?rest_route=%2Fwp%2Fv2%2Fcategories&post=2034"},{"taxonomy":"post_tag","embeddable":true,"href":"https:\/\/www.atelierpaysage.be\/index.php?rest_route=%2Fwp%2Fv2%2Ftags&post=2034"}],"curies":[{"name":"wp","href":"https:\/\/api.w.org\/{rel}","templated":true}]}}