{"id":2381,"date":"2024-08-06T13:00:22","date_gmt":"2024-08-06T11:00:22","guid":{"rendered":"https:\/\/www.atelierpaysage.be\/?p=2381"},"modified":"2025-01-10T09:27:10","modified_gmt":"2025-01-10T08:27:10","slug":"villers-la-ville","status":"publish","type":"post","link":"https:\/\/www.atelierpaysage.be\/?p=2381","title":{"rendered":"villers-la-ville"},"content":{"rendered":"<h2 style=\"color:#f3d99c; font-size:1.6rem;font-style:normal;font-weight:400;line-height:1;text-transform:uppercase; padding-top:0;padding-bottom:0;padding-left:0;padding-right:0;margin-top:0;margin-bottom:0;margin-left:0;margin-right:0;\" class=\"has-link-color wp-elements-c29518a48b1d61c4a81e20cdcddc6851 wp-block-post-title has-text-color has-objektiv-mk-3-font-family\">villers-la-ville<\/h2>\n\n\n<p class=\"has-objektiv-mk-3-font-family\" style=\"font-size:0.89rem;font-style:normal;font-weight:400;text-transform:uppercase\">am\u00e9nagement des abords du moulin, de la dr\u00e8ve et du petit moulin de l&rsquo;abbaye de villers-la ville<\/p>\n\n\n\n<figure class=\"wp-block-image size-large is-resized\"><img loading=\"lazy\" decoding=\"async\" width=\"1024\" height=\"783\" src=\"http:\/\/www.atelierpaysage.be\/wp-content\/uploads\/2024\/09\/VLV1-1-1024x783.jpg\" alt=\"\" class=\"wp-image-2394\" style=\"object-fit:cover;width:641px;height:443px\" srcset=\"https:\/\/www.atelierpaysage.be\/wp-content\/uploads\/2024\/09\/VLV1-1-1024x783.jpg 1024w, https:\/\/www.atelierpaysage.be\/wp-content\/uploads\/2024\/09\/VLV1-1-400x306.jpg 400w, https:\/\/www.atelierpaysage.be\/wp-content\/uploads\/2024\/09\/VLV1-1-768x587.jpg 768w, https:\/\/www.atelierpaysage.be\/wp-content\/uploads\/2024\/09\/VLV1-1-1536x1174.jpg 1536w, https:\/\/www.atelierpaysage.be\/wp-content\/uploads\/2024\/09\/VLV1-1-2048x1566.jpg 2048w\" sizes=\"(max-width: 1024px) 100vw, 1024px\" \/><\/figure>\n\n\n\n<div class=\"wp-block-columns is-layout-flex wp-container-core-columns-is-layout-1 wp-block-columns-is-layout-flex\">\n<div class=\"wp-block-column is-layout-flow wp-block-column-is-layout-flow\"><div style=\"font-size:0.7rem;font-style:normal;font-weight:400\" class=\"taxonomy-category wp-block-post-terms has-objektiv-mk-3-font-family\"><a href=\"https:\/\/www.atelierpaysage.be\/?cat=38\" rel=\"tag\">Liaisons pi\u00e9tonnes<\/a><span class=\"wp-block-post-terms__separator\">&#010;<\/span><a href=\"https:\/\/www.atelierpaysage.be\/?cat=39\" rel=\"tag\">Places et parvis<\/a><span class=\"wp-block-post-terms__separator\">&#010;<\/span><a href=\"https:\/\/www.atelierpaysage.be\/?cat=37\" rel=\"tag\">Rivi\u00e8res et plaines<\/a><\/div><\/div>\n\n\n\n<div class=\"wp-block-column is-layout-flow wp-block-column-is-layout-flow\">\n<p class=\"has-objektiv-mk-3-font-family\" style=\"margin-top:0;margin-right:0;margin-bottom:0;margin-left:0;padding-top:0;padding-right:0;padding-bottom:0;padding-left:0;font-size:0.7rem;font-style:normal;font-weight:400\"><mark style=\"background-color:rgba(0, 0, 0, 0);color:#878786\" class=\"has-inline-color\">Maitre d&rsquo;ouvrage \/<\/mark> <\/p>\n\n\n\n<p class=\"has-objektiv-mk-3-font-family\" style=\"margin-top:0;margin-right:0;margin-bottom:0;margin-left:0;padding-top:0;padding-right:0;padding-bottom:0;padding-left:0;font-size:0.7rem;font-style:normal;font-weight:400\">AWAP &#8211; Abbaye de Villers-la-Ville<\/p>\n\n\n\n<div style=\"height:0px\" aria-hidden=\"true\" class=\"wp-block-spacer\"><\/div>\n\n\n\n<p class=\"has-objektiv-mk-3-font-family\" style=\"margin-top:0;margin-right:0;margin-bottom:0;margin-left:0;padding-top:0;padding-right:0;padding-bottom:0;padding-left:0;font-size:0.7rem;font-style:normal;font-weight:400\"><mark style=\"background-color:rgba(0, 0, 0, 0);color:#878786\" class=\"has-inline-color\">Auteur de projet \/ <\/mark><\/p>\n\n\n\n<p class=\"has-objektiv-mk-3-font-family\" style=\"margin-top:0;margin-right:0;margin-bottom:0;margin-left:0;padding-top:0;padding-right:0;padding-bottom:0;padding-left:0;font-size:0.7rem;font-style:normal;font-weight:400\">ATELIER PAYSAGE srl &#8211; Binario architectes &#8211; NN studio &#8211; Greisch<\/p>\n<\/div>\n\n\n\n<div class=\"wp-block-column is-layout-flow wp-block-column-is-layout-flow\">\n<p class=\"has-objektiv-mk-3-font-family\" style=\"margin-top:0;margin-right:0;margin-bottom:0;margin-left:0;padding-top:0;padding-right:0;padding-bottom:0;padding-left:0;font-size:0.7rem;font-style:normal;font-weight:400\"><mark style=\"background-color:rgba(0, 0, 0, 0);color:#878786\" class=\"has-inline-color\">Budget HTVA \/<\/mark><\/p>\n\n\n\n<p class=\"has-objektiv-mk-3-font-family\" style=\"margin-top:0;margin-right:0;margin-bottom:0;margin-left:0;padding-top:0;padding-right:0;padding-bottom:0;padding-left:0;font-size:0.7rem;font-style:normal;font-weight:400\">N.C.<\/p>\n\n\n\n<div style=\"height:0px\" aria-hidden=\"true\" class=\"wp-block-spacer\"><\/div>\n\n\n\n<p class=\"has-objektiv-mk-3-font-family\" style=\"margin-top:0;margin-right:0;margin-bottom:0;margin-left:0;padding-top:0;padding-right:0;padding-bottom:0;padding-left:0;font-size:0.7rem;font-style:normal;font-weight:400\"><mark style=\"background-color:rgba(0, 0, 0, 0);color:#878786\" class=\"has-inline-color\">R\u00e9alisation \/<\/mark> <\/p>\n\n\n\n<p class=\"has-objektiv-mk-3-font-family\" style=\"margin-top:0;margin-right:0;margin-bottom:0;margin-left:0;padding-top:0;padding-right:0;padding-bottom:0;padding-left:0;font-size:0.7rem;font-style:normal;font-weight:400\">Concours &#8211; 2\u00e8me<\/p>\n\n\n\n<div style=\"height:0px\" aria-hidden=\"true\" class=\"wp-block-spacer\"><\/div>\n\n\n\n<p class=\"has-objektiv-mk-3-font-family\" style=\"margin-top:0;margin-right:0;margin-bottom:0;margin-left:0;padding-top:0;padding-right:0;padding-bottom:0;padding-left:0;font-size:0.7rem;font-style:normal;font-weight:400\"><mark style=\"background-color:rgba(0, 0, 0, 0);color:#878786\" class=\"has-inline-color\">Superficie \/<\/mark> <\/p>\n\n\n\n<p class=\"has-objektiv-mk-3-font-family\" style=\"margin-top:0;margin-right:0;margin-bottom:0;margin-left:0;padding-top:0;padding-right:0;padding-bottom:0;padding-left:0;font-size:0.7rem;font-style:normal;font-weight:400\">N.C.<\/p>\n<\/div>\n<\/div>\n\n\n\n<div style=\"height:8px\" aria-hidden=\"true\" class=\"wp-block-spacer\"><\/div>\n\n\n\n<p class=\"has-objektiv-mk-3-font-family has-large-font-size\" style=\"margin-top:0;margin-right:0;margin-bottom:0;margin-left:0;padding-top:var(--wp--preset--spacing--20);padding-right:0;padding-bottom:var(--wp--preset--spacing--20);padding-left:0;font-style:normal;font-weight:400\">Autour de l\u2019Abbaye de Villers la ville, une nouvelle promenade entre la ferme et les moulins &#8230; entre le plateau et la vall\u00e9e &#8230; entre les campagnes et la Thyle &#8230; entre les paysans et les artisans &#8230;<\/p>\n\n\n\n<p class=\"has-objektiv-mk-3-font-family has-large-font-size\" style=\"margin-top:0;margin-right:0;margin-bottom:0;margin-left:0;padding-top:var(--wp--preset--spacing--20);padding-right:0;padding-bottom:var(--wp--preset--spacing--20);padding-left:0;font-style:normal;font-weight:400\">La proposition est ax\u00e9e sur l\u2019opportunit\u00e9 de cr\u00e9er un nouveau parcours en boucle pi\u00e9tonne en partie PMR qui donne acc\u00e8s aux diff\u00e9rentes parties et activit\u00e9s autour de l\u2019ancienne Abbaye.<\/p>\n\n\n\n<p class=\"has-objektiv-mk-3-font-family has-large-font-size\" style=\"margin-top:0;margin-right:0;margin-bottom:0;margin-left:0;padding-top:var(--wp--preset--spacing--20);padding-right:0;padding-bottom:var(--wp--preset--spacing--20);padding-left:0;font-style:normal;font-weight:400\">En plus d\u2019une valeur fonctionnelle, cette boucle valorise une sc\u00e9nographie mettant en dialogue&nbsp;&nbsp;le moulin, le petit moulin, les ruines, l\u2019ancienne porte, la rivi\u00e8re, \u2026 mais aussi la dr\u00e8ve, la ferme et les plateaux de culture. Elle ouvre de nouveaux r\u00e9cits de d\u00e9couverte et de compr\u00e9hension du territoire et des hommes, de nos paysages actuels au travers de l\u2019histoire.<\/p>\n\n\n\n<p class=\"has-objektiv-mk-3-font-family has-large-font-size\" style=\"margin-top:0;margin-right:0;margin-bottom:0;margin-left:0;padding-top:var(--wp--preset--spacing--20);padding-right:0;padding-bottom:var(--wp--preset--spacing--20);padding-left:0;font-style:normal;font-weight:400\">Sur ce parcours, plusieurs placettes se dessinent tr\u00e8s simplement par l\u2019application de lignes simples et des mat\u00e9riaux existants qui tissent des liens entre ancien et nouveau, entre architecture et nature.<\/p>\n\n\n\n<p class=\"has-objektiv-mk-3-font-family has-large-font-size\" style=\"margin-top:0;margin-right:0;margin-bottom:0;margin-left:0;padding-top:var(--wp--preset--spacing--20);padding-right:0;padding-bottom:var(--wp--preset--spacing--20);padding-left:0;font-style:normal;font-weight:400\">La proposition est ax\u00e9e vers une mise en valeur des patrimoines b\u00e2ti, naturel mais aussi immat\u00e9riel en permettant \u00e0 chaque intervention de raconter une histoire \u2026. <\/p>\n\n\n\n<figure class=\"wp-block-image size-large is-resized\"><img loading=\"lazy\" decoding=\"async\" width=\"1024\" height=\"783\" src=\"http:\/\/www.atelierpaysage.be\/wp-content\/uploads\/2024\/09\/VLV2-2-1024x783.jpg\" alt=\"\" class=\"wp-image-2390\" style=\"object-fit:cover;width:641px;height:443px\" srcset=\"https:\/\/www.atelierpaysage.be\/wp-content\/uploads\/2024\/09\/VLV2-2-1024x783.jpg 1024w, https:\/\/www.atelierpaysage.be\/wp-content\/uploads\/2024\/09\/VLV2-2-400x306.jpg 400w, https:\/\/www.atelierpaysage.be\/wp-content\/uploads\/2024\/09\/VLV2-2-768x587.jpg 768w, https:\/\/www.atelierpaysage.be\/wp-content\/uploads\/2024\/09\/VLV2-2-1536x1174.jpg 1536w, https:\/\/www.atelierpaysage.be\/wp-content\/uploads\/2024\/09\/VLV2-2-2048x1566.jpg 2048w\" sizes=\"(max-width: 1024px) 100vw, 1024px\" \/><\/figure>\n\n\n\n<figure class=\"wp-block-image size-large is-resized\"><img loading=\"lazy\" decoding=\"async\" width=\"1024\" height=\"783\" src=\"http:\/\/www.atelierpaysage.be\/wp-content\/uploads\/2024\/09\/VLV6-1024x783.jpg\" alt=\"\" class=\"wp-image-2395\" style=\"object-fit:cover;width:641px;height:443px\" srcset=\"https:\/\/www.atelierpaysage.be\/wp-content\/uploads\/2024\/09\/VLV6-1024x783.jpg 1024w, https:\/\/www.atelierpaysage.be\/wp-content\/uploads\/2024\/09\/VLV6-400x306.jpg 400w, https:\/\/www.atelierpaysage.be\/wp-content\/uploads\/2024\/09\/VLV6-768x587.jpg 768w, https:\/\/www.atelierpaysage.be\/wp-content\/uploads\/2024\/09\/VLV6-1536x1174.jpg 1536w, https:\/\/www.atelierpaysage.be\/wp-content\/uploads\/2024\/09\/VLV6-2048x1566.jpg 2048w\" sizes=\"(max-width: 1024px) 100vw, 1024px\" \/><\/figure>\n\n\n\n<figure class=\"wp-block-image size-large is-resized\"><img loading=\"lazy\" decoding=\"async\" width=\"1024\" height=\"783\" src=\"http:\/\/www.atelierpaysage.be\/wp-content\/uploads\/2024\/09\/VLV4-1-1024x783.jpg\" alt=\"\" class=\"wp-image-2393\" style=\"object-fit:cover;width:641px;height:443px\" srcset=\"https:\/\/www.atelierpaysage.be\/wp-content\/uploads\/2024\/09\/VLV4-1-1024x783.jpg 1024w, https:\/\/www.atelierpaysage.be\/wp-content\/uploads\/2024\/09\/VLV4-1-400x306.jpg 400w, https:\/\/www.atelierpaysage.be\/wp-content\/uploads\/2024\/09\/VLV4-1-768x587.jpg 768w, https:\/\/www.atelierpaysage.be\/wp-content\/uploads\/2024\/09\/VLV4-1-1536x1174.jpg 1536w, https:\/\/www.atelierpaysage.be\/wp-content\/uploads\/2024\/09\/VLV4-1-2048x1566.jpg 2048w\" sizes=\"(max-width: 1024px) 100vw, 1024px\" \/><\/figure>\n\n\n\n<figure class=\"wp-block-image size-large is-resized\"><img loading=\"lazy\" decoding=\"async\" width=\"1024\" height=\"696\" src=\"http:\/\/www.atelierpaysage.be\/wp-content\/uploads\/2024\/08\/Axo-moulin-1024x696.jpg\" alt=\"\" class=\"wp-image-2460\" style=\"object-fit:cover;width:641px;height:443px\" srcset=\"https:\/\/www.atelierpaysage.be\/wp-content\/uploads\/2024\/08\/Axo-moulin-1024x696.jpg 1024w, https:\/\/www.atelierpaysage.be\/wp-content\/uploads\/2024\/08\/Axo-moulin-400x272.jpg 400w, https:\/\/www.atelierpaysage.be\/wp-content\/uploads\/2024\/08\/Axo-moulin-768x522.jpg 768w, https:\/\/www.atelierpaysage.be\/wp-content\/uploads\/2024\/08\/Axo-moulin.jpg 1275w\" sizes=\"(max-width: 1024px) 100vw, 1024px\" \/><\/figure>\n","protected":false},"excerpt":{"rendered":"<p>am\u00e9nagement des abords du moulin, de la dr\u00e8ve et du petit moulin de l&rsquo;abbaye de villers-la ville Maitre d&rsquo;ouvrage \/ AWAP &#8211; Abbaye de Villers-la-Ville Auteur de projet \/ ATELIER PAYSAGE srl &#8211; Binario architectes &#8211; NN studio &#8211; Greisch Budget HTVA \/ N.C. R\u00e9alisation \/ Concours &#8211; 2\u00e8me Superficie \/ N.C. Autour de l\u2019Abbaye [&hellip;]<\/p>\n","protected":false},"author":4,"featured_media":2395,"comment_status":"closed","ping_status":"closed","sticky":false,"template":"page-without-title","format":"standard","meta":{"footnotes":""},"categories":[38,39,37],"tags":[],"class_list":["post-2381","post","type-post","status-publish","format-standard","has-post-thumbnail","hentry","category-liaisons-pietonnes","category-places-et-parvis","category-rivieres-et-plaines"],"_links":{"self":[{"href":"https:\/\/www.atelierpaysage.be\/index.php?rest_route=\/wp\/v2\/posts\/2381"}],"collection":[{"href":"https:\/\/www.atelierpaysage.be\/index.php?rest_route=\/wp\/v2\/posts"}],"about":[{"href":"https:\/\/www.atelierpaysage.be\/index.php?rest_route=\/wp\/v2\/types\/post"}],"author":[{"embeddable":true,"href":"https:\/\/www.atelierpaysage.be\/index.php?rest_route=\/wp\/v2\/users\/4"}],"replies":[{"embeddable":true,"href":"https:\/\/www.atelierpaysage.be\/index.php?rest_route=%2Fwp%2Fv2%2Fcomments&post=2381"}],"version-history":[{"count":9,"href":"https:\/\/www.atelierpaysage.be\/index.php?rest_route=\/wp\/v2\/posts\/2381\/revisions"}],"predecessor-version":[{"id":2467,"href":"https:\/\/www.atelierpaysage.be\/index.php?rest_route=\/wp\/v2\/posts\/2381\/revisions\/2467"}],"wp:featuredmedia":[{"embeddable":true,"href":"https:\/\/www.atelierpaysage.be\/index.php?rest_route=\/wp\/v2\/media\/2395"}],"wp:attachment":[{"href":"https:\/\/www.atelierpaysage.be\/index.php?rest_route=%2Fwp%2Fv2%2Fmedia&parent=2381"}],"wp:term":[{"taxonomy":"category","embeddable":true,"href":"https:\/\/www.atelierpaysage.be\/index.php?rest_route=%2Fwp%2Fv2%2Fcategories&post=2381"},{"taxonomy":"post_tag","embeddable":true,"href":"https:\/\/www.atelierpaysage.be\/index.php?rest_route=%2Fwp%2Fv2%2Ftags&post=2381"}],"curies":[{"name":"wp","href":"https:\/\/api.w.org\/{rel}","templated":true}]}}