{"id":605,"date":"2024-08-06T01:00:00","date_gmt":"2024-08-05T23:00:00","guid":{"rendered":"https:\/\/www.atelierpaysage.be\/?p=605"},"modified":"2024-09-09T16:56:29","modified_gmt":"2024-09-09T14:56:29","slug":"place-de-bellefontaine-bis","status":"publish","type":"post","link":"https:\/\/www.atelierpaysage.be\/?p=605","title":{"rendered":"Place de Bellefontaine"},"content":{"rendered":"<h2 style=\"color:#eab884; font-size:1.6rem;font-style:normal;font-weight:400;line-height:1;text-transform:uppercase; padding-top:0;padding-bottom:0;padding-left:0;padding-right:0;margin-top:0;margin-bottom:0;margin-left:0;margin-right:0;\" class=\"has-link-color wp-elements-8cad623742c941c582786ff493788fab wp-block-post-title has-text-color has-objektiv-mk-3-font-family\">Place de Bellefontaine<\/h2>\n\n\n<div style=\"height:20px\" aria-hidden=\"true\" class=\"wp-block-spacer\"><\/div>\n\n\n\n<p class=\"has-objektiv-mk-3-font-family\" style=\"margin-top:0;margin-right:0;margin-bottom:0;margin-left:0;padding-top:0;padding-right:0;padding-bottom:0;padding-left:0;font-size:0.89rem;font-style:normal;font-weight:400;line-height:1.5;text-transform:uppercase\">Cr\u00e9ation d\u2019une nouvelle place et am\u00e9nagement de la travers\u00e9e routi\u00e8re<\/p>\n\n\n\n<div style=\"height:0px\" aria-hidden=\"true\" class=\"wp-block-spacer\"><\/div>\n\n\n\n<figure class=\"wp-block-image size-large is-resized\"><img loading=\"lazy\" decoding=\"async\" width=\"1024\" height=\"683\" src=\"https:\/\/www.atelierpaysage.be\/wp-content\/uploads\/2023\/12\/AtelierPaysage_PlaceBellefontaine_Tintigny_0-1024x683.jpg\" alt=\"\" class=\"wp-image-724\" style=\"width:641px\" srcset=\"https:\/\/www.atelierpaysage.be\/wp-content\/uploads\/2023\/12\/AtelierPaysage_PlaceBellefontaine_Tintigny_0-1024x683.jpg 1024w, https:\/\/www.atelierpaysage.be\/wp-content\/uploads\/2023\/12\/AtelierPaysage_PlaceBellefontaine_Tintigny_0-400x267.jpg 400w, https:\/\/www.atelierpaysage.be\/wp-content\/uploads\/2023\/12\/AtelierPaysage_PlaceBellefontaine_Tintigny_0-768x512.jpg 768w, https:\/\/www.atelierpaysage.be\/wp-content\/uploads\/2023\/12\/AtelierPaysage_PlaceBellefontaine_Tintigny_0-1536x1024.jpg 1536w, https:\/\/www.atelierpaysage.be\/wp-content\/uploads\/2023\/12\/AtelierPaysage_PlaceBellefontaine_Tintigny_0.jpg 1860w\" sizes=\"(max-width: 1024px) 100vw, 1024px\" \/><\/figure>\n\n\n\n<div class=\"wp-block-columns is-layout-flex wp-container-core-columns-is-layout-1 wp-block-columns-is-layout-flex\">\n<div class=\"wp-block-column is-layout-flow wp-block-column-is-layout-flow\"><div style=\"font-size:0.7rem;font-style:normal;font-weight:400\" class=\"taxonomy-category wp-block-post-terms has-objektiv-mk-3-font-family\"><a href=\"https:\/\/www.atelierpaysage.be\/?cat=39\" rel=\"tag\">Places et parvis<\/a><\/div><\/div>\n\n\n\n<div class=\"wp-block-column is-layout-flow wp-block-column-is-layout-flow\">\n<p class=\"has-objektiv-mk-3-font-family\" style=\"margin-top:0;margin-right:0;margin-bottom:0;margin-left:0;padding-top:0;padding-right:0;padding-bottom:0;padding-left:0;font-size:0.7rem;font-style:normal;font-weight:400\"><mark style=\"background-color:rgba(0, 0, 0, 0);color:#878786\" class=\"has-inline-color\">Maitre d&rsquo;ouvrage \/<\/mark> <\/p>\n\n\n\n<p class=\"has-objektiv-mk-3-font-family\" style=\"margin-top:0;margin-right:0;margin-bottom:0;margin-left:0;padding-top:0;padding-right:0;padding-bottom:0;padding-left:0;font-size:0.7rem;font-style:normal;font-weight:400\">Commune de Tintigny<\/p>\n\n\n\n<div style=\"height:0px\" aria-hidden=\"true\" class=\"wp-block-spacer\"><\/div>\n\n\n\n<p class=\"has-objektiv-mk-3-font-family\" style=\"margin-top:0;margin-right:0;margin-bottom:0;margin-left:0;padding-top:0;padding-right:0;padding-bottom:0;padding-left:0;font-size:0.7rem;font-style:normal;font-weight:400\"><mark style=\"background-color:rgba(0, 0, 0, 0);color:#878786\" class=\"has-inline-color\">Auteur de projet \/ <\/mark><\/p>\n\n\n\n<p class=\"has-objektiv-mk-3-font-family\" style=\"margin-top:0;margin-right:0;margin-bottom:0;margin-left:0;padding-top:0;padding-right:0;padding-bottom:0;padding-left:0;font-size:0.7rem;font-style:normal;font-weight:400\">ATELIER PAYSAGE srl<\/p>\n<\/div>\n\n\n\n<div class=\"wp-block-column is-layout-flow wp-block-column-is-layout-flow\">\n<p class=\"has-objektiv-mk-3-font-family\" style=\"margin-top:0;margin-right:0;margin-bottom:0;margin-left:0;padding-top:0;padding-right:0;padding-bottom:0;padding-left:0;font-size:0.7rem;font-style:normal;font-weight:400\"><mark style=\"background-color:rgba(0, 0, 0, 0);color:#878786\" class=\"has-inline-color\">Budget HTVA \/<\/mark><\/p>\n\n\n\n<p class=\"has-objektiv-mk-3-font-family\" style=\"margin-top:0;margin-right:0;margin-bottom:0;margin-left:0;padding-top:0;padding-right:0;padding-bottom:0;padding-left:0;font-size:0.7rem;font-style:normal;font-weight:400\">450 000 \u20ac<\/p>\n\n\n\n<div style=\"height:0px\" aria-hidden=\"true\" class=\"wp-block-spacer\"><\/div>\n\n\n\n<p class=\"has-objektiv-mk-3-font-family\" style=\"margin-top:0;margin-right:0;margin-bottom:0;margin-left:0;padding-top:0;padding-right:0;padding-bottom:0;padding-left:0;font-size:0.7rem;font-style:normal;font-weight:400\"><mark style=\"background-color:rgba(0, 0, 0, 0);color:#878786\" class=\"has-inline-color\">R\u00e9alisation \/<\/mark> <\/p>\n\n\n\n<p class=\"has-objektiv-mk-3-font-family\" style=\"margin-top:0;margin-right:0;margin-bottom:0;margin-left:0;padding-top:0;padding-right:0;padding-bottom:0;padding-left:0;font-size:0.7rem;font-style:normal;font-weight:400\">Chantier r\u00e9ceptionn\u00e9 en 2018<\/p>\n\n\n\n<div style=\"height:0px\" aria-hidden=\"true\" class=\"wp-block-spacer\"><\/div>\n\n\n\n<p class=\"has-objektiv-mk-3-font-family\" style=\"margin-top:0;margin-right:0;margin-bottom:0;margin-left:0;padding-top:0;padding-right:0;padding-bottom:0;padding-left:0;font-size:0.7rem;font-style:normal;font-weight:400\"><mark style=\"background-color:rgba(0, 0, 0, 0);color:#878786\" class=\"has-inline-color\">Superficie \/<\/mark> <\/p>\n\n\n\n<p class=\"has-objektiv-mk-3-font-family\" style=\"margin-top:0;margin-right:0;margin-bottom:0;margin-left:0;padding-top:0;padding-right:0;padding-bottom:0;padding-left:0;font-size:0.7rem;font-style:normal;font-weight:400\">4 100 m\u00b2<\/p>\n<\/div>\n<\/div>\n\n\n\n<div style=\"height:0px\" aria-hidden=\"true\" class=\"wp-block-spacer\"><\/div>\n\n\n\n<p class=\"has-objektiv-mk-3-font-family\" style=\"margin-top:0;margin-right:0;margin-bottom:0;margin-left:0;padding-top:var(--wp--preset--spacing--20);padding-right:0;padding-bottom:var(--wp--preset--spacing--20);padding-left:0;font-size:0.8rem;font-style:normal;font-weight:400\">Autour de l\u2019ancien lavoir de Bellefontaine, comme dans de nombreux villages,&nbsp; la voiture s\u2019\u00e9tait impos\u00e9e avec de grandes surfaces en hydrocarbon\u00e9 laissant aux habitants&nbsp; un lieu inerte, ins\u00e9curisant, imperm\u00e9able, sans la moindre verdure \u2026 sans aucune identit\u00e9.<\/p>\n\n\n\n<p class=\"has-objektiv-mk-3-font-family\" style=\"margin-top:0;margin-right:0;margin-bottom:0;margin-left:0;padding-top:var(--wp--preset--spacing--20);padding-right:0;padding-bottom:var(--wp--preset--spacing--20);padding-left:0;font-size:0.8rem;font-style:normal;font-weight:400\">Le programme de d\u00e9veloppement rural a permis de requalifier ce lieu en une place conviviale en mettant en oeuvre les actions suivantes:<\/p>\n\n\n\n<p class=\"has-objektiv-mk-3-font-family\" style=\"margin-top:0;margin-right:0;margin-bottom:0;margin-left:0;padding-top:var(--wp--preset--spacing--20);padding-right:0;padding-bottom:var(--wp--preset--spacing--20);padding-left:0;font-size:0.8rem;font-style:normal;font-weight:400\">D\u00e9simperm\u00e9abiliser le sol et cr\u00e9er une grande esplanade en b\u00e9ton gazon dans la continuit\u00e9 des usoirs typiques des villages gaumais.<\/p>\n\n\n\n<p class=\"has-objektiv-mk-3-font-family\" style=\"margin-top:0;margin-right:0;margin-bottom:0;margin-left:0;padding-top:var(--wp--preset--spacing--20);padding-right:0;padding-bottom:var(--wp--preset--spacing--20);padding-left:0;font-size:0.8rem;font-style:normal;font-weight:400\">Supprimer les rues au profit de parcours pi\u00e9tons&nbsp;et de lieux de rencontre.<\/p>\n\n\n\n<p class=\"has-objektiv-mk-3-font-family\" style=\"margin-top:0;margin-right:0;margin-bottom:0;margin-left:0;padding-top:var(--wp--preset--spacing--20);padding-right:0;padding-bottom:var(--wp--preset--spacing--20);padding-left:0;font-size:0.8rem;font-style:normal;font-weight:400\">Planter des arbres pour la biodiversit\u00e9, pour l\u2019ombre, pour l&rsquo;infiltration mais aussi pour&nbsp;cr\u00e9er une spatialit\u00e9 \u00e0 \u00e9chelle humaine.<\/p>\n\n\n\n<p class=\"has-objektiv-mk-3-font-family\" style=\"margin-top:0;margin-right:0;margin-bottom:0;margin-left:0;padding-top:var(--wp--preset--spacing--20);padding-right:0;padding-bottom:var(--wp--preset--spacing--20);padding-left:0;font-size:0.8rem;font-style:normal;font-weight:400\">Cr\u00e9er un lieu contemporain tout en renfor\u00e7ant l&rsquo;identit\u00e9 du village et en&nbsp; mettant en valeur le patrimoine. <\/p>\n\n\n\n<p class=\"has-objektiv-mk-3-font-family\" style=\"margin-top:0;margin-right:0;margin-bottom:0;margin-left:0;padding-top:var(--wp--preset--spacing--20);padding-right:0;padding-bottom:var(--wp--preset--spacing--20);padding-left:0;font-size:0.8rem;font-style:normal;font-weight:400\">C\u2019est aujourd\u2019hui une place \u00e0 traverser, une place o\u00f9 s\u2019arr\u00eater, se croiser \u2026 se rencontrer !<\/p>\n\n\n\n<div style=\"height:0px\" aria-hidden=\"true\" class=\"wp-block-spacer\"><\/div>\n\n\n\n<figure class=\"wp-block-image size-large is-resized\"><img loading=\"lazy\" decoding=\"async\" width=\"1024\" height=\"683\" src=\"https:\/\/www.atelierpaysage.be\/wp-content\/uploads\/2023\/12\/AtelierPaysage_PlaceBellefontaine_Tintigny_7-1024x683.jpg\" alt=\"\" class=\"wp-image-816\" style=\"width:641px\" srcset=\"https:\/\/www.atelierpaysage.be\/wp-content\/uploads\/2023\/12\/AtelierPaysage_PlaceBellefontaine_Tintigny_7-1024x683.jpg 1024w, https:\/\/www.atelierpaysage.be\/wp-content\/uploads\/2023\/12\/AtelierPaysage_PlaceBellefontaine_Tintigny_7-400x267.jpg 400w, https:\/\/www.atelierpaysage.be\/wp-content\/uploads\/2023\/12\/AtelierPaysage_PlaceBellefontaine_Tintigny_7-768x512.jpg 768w, https:\/\/www.atelierpaysage.be\/wp-content\/uploads\/2023\/12\/AtelierPaysage_PlaceBellefontaine_Tintigny_7-1536x1024.jpg 1536w, https:\/\/www.atelierpaysage.be\/wp-content\/uploads\/2023\/12\/AtelierPaysage_PlaceBellefontaine_Tintigny_7.jpg 1860w\" sizes=\"(max-width: 1024px) 100vw, 1024px\" \/><\/figure>\n\n\n\n<div style=\"height:0px\" aria-hidden=\"true\" class=\"wp-block-spacer\"><\/div>\n\n\n\n<figure class=\"wp-block-image size-large is-resized\"><img loading=\"lazy\" decoding=\"async\" width=\"1024\" height=\"683\" src=\"https:\/\/www.atelierpaysage.be\/wp-content\/uploads\/2023\/12\/AtelierPaysage_PlaceBellefontaine_Tintigny_1-1024x683.jpg\" alt=\"\" class=\"wp-image-725\" style=\"width:641px\" srcset=\"https:\/\/www.atelierpaysage.be\/wp-content\/uploads\/2023\/12\/AtelierPaysage_PlaceBellefontaine_Tintigny_1-1024x683.jpg 1024w, https:\/\/www.atelierpaysage.be\/wp-content\/uploads\/2023\/12\/AtelierPaysage_PlaceBellefontaine_Tintigny_1-400x267.jpg 400w, https:\/\/www.atelierpaysage.be\/wp-content\/uploads\/2023\/12\/AtelierPaysage_PlaceBellefontaine_Tintigny_1-768x512.jpg 768w, https:\/\/www.atelierpaysage.be\/wp-content\/uploads\/2023\/12\/AtelierPaysage_PlaceBellefontaine_Tintigny_1-1536x1024.jpg 1536w, https:\/\/www.atelierpaysage.be\/wp-content\/uploads\/2023\/12\/AtelierPaysage_PlaceBellefontaine_Tintigny_1.jpg 1860w\" sizes=\"(max-width: 1024px) 100vw, 1024px\" \/><\/figure>\n\n\n\n<div class=\"wp-block-columns is-layout-flex wp-container-core-columns-is-layout-2 wp-block-columns-is-layout-flex\">\n<div class=\"wp-block-column is-layout-flow wp-block-column-is-layout-flow\">\n<div style=\"height:31px\" aria-hidden=\"true\" class=\"wp-block-spacer\"><\/div>\n\n\n\n<p class=\"has-text-align-center has-myriad-pro-font-family\" style=\"margin-top:0;margin-right:0;margin-bottom:0;margin-left:0;padding-top:var(--wp--preset--spacing--40);padding-right:0;padding-bottom:var(--wp--preset--spacing--40);padding-left:0;font-size:1rem;font-style:italic;font-weight:400\">Village de Bellefontaine<br>Au fil de sources et fontaines<\/p>\n\n\n\n<p class=\"has-text-align-center has-myriad-pro-font-family\" style=\"margin-top:0;margin-right:0;margin-bottom:0;margin-left:0;padding-top:var(--wp--preset--spacing--40);padding-right:0;padding-bottom:var(--wp--preset--spacing--40);padding-left:0;font-size:1rem;font-style:italic;font-weight:400\">\u00abBellefant\u00e9ne\u00bb en patois<br>Au coeur des prairies et des bois<\/p>\n\n\n\n<p class=\"has-text-align-center has-myriad-pro-font-family\" style=\"margin-top:0;margin-right:0;margin-bottom:0;margin-left:0;padding-top:var(--wp--preset--spacing--40);padding-right:0;padding-bottom:var(--wp--preset--spacing--40);padding-left:0;font-size:1rem;font-style:italic;font-weight:400\">Rude village du \u00abPa-i Gaumais\u00bb<br>Adouci par la couleur du gr\u00e8s<\/p>\n\n\n\n<p class=\"has-text-align-center has-myriad-pro-font-family\" style=\"margin-top:0;margin-right:0;margin-bottom:0;margin-left:0;padding-top:var(--wp--preset--spacing--40);padding-right:0;padding-bottom:var(--wp--preset--spacing--40);padding-left:0;font-size:1rem;font-style:italic;font-weight:400\">Des souvenir autour des lavoirs\u2026<br>\u2026 Des rencontres sur les usoirs<\/p>\n\n\n\n<p class=\"has-text-align-center has-myriad-pro-font-family\" style=\"margin-top:0;margin-right:0;margin-bottom:0;margin-left:0;padding-top:var(--wp--preset--spacing--40);padding-right:0;padding-bottom:var(--wp--preset--spacing--40);padding-left:0;font-size:1rem;font-style:italic;font-weight:400\">Une invitation \u00e0 s\u2019asseoir\u2026<br>\u2026Bellefontaine vous raconte une histoire<\/p>\n<\/div>\n\n\n\n<div class=\"wp-block-column is-layout-flow wp-block-column-is-layout-flow\">\n<figure class=\"wp-block-image size-large is-resized\"><img loading=\"lazy\" decoding=\"async\" width=\"683\" height=\"1024\" src=\"https:\/\/www.atelierpaysage.be\/wp-content\/uploads\/2023\/12\/AtelierPaysage_PlaceBellefontaine_Tintigny_2-683x1024.jpg\" alt=\"\" class=\"wp-image-726\" style=\"object-fit:cover;width:310px;height:443px\" srcset=\"https:\/\/www.atelierpaysage.be\/wp-content\/uploads\/2023\/12\/AtelierPaysage_PlaceBellefontaine_Tintigny_2-683x1024.jpg 683w, https:\/\/www.atelierpaysage.be\/wp-content\/uploads\/2023\/12\/AtelierPaysage_PlaceBellefontaine_Tintigny_2-267x400.jpg 267w, https:\/\/www.atelierpaysage.be\/wp-content\/uploads\/2023\/12\/AtelierPaysage_PlaceBellefontaine_Tintigny_2-768x1152.jpg 768w, https:\/\/www.atelierpaysage.be\/wp-content\/uploads\/2023\/12\/AtelierPaysage_PlaceBellefontaine_Tintigny_2-1024x1536.jpg 1024w, https:\/\/www.atelierpaysage.be\/wp-content\/uploads\/2023\/12\/AtelierPaysage_PlaceBellefontaine_Tintigny_2.jpg 1240w\" sizes=\"(max-width: 683px) 100vw, 683px\" \/><\/figure>\n<\/div>\n<\/div>\n\n\n\n<figure class=\"wp-block-image size-large\"><img loading=\"lazy\" decoding=\"async\" width=\"1024\" height=\"683\" src=\"https:\/\/www.atelierpaysage.be\/wp-content\/uploads\/2023\/12\/AtelierPaysage_PlaceBellefontaine_Tintigny_3-1024x683.jpg\" alt=\"\" class=\"wp-image-727\" srcset=\"https:\/\/www.atelierpaysage.be\/wp-content\/uploads\/2023\/12\/AtelierPaysage_PlaceBellefontaine_Tintigny_3-1024x683.jpg 1024w, https:\/\/www.atelierpaysage.be\/wp-content\/uploads\/2023\/12\/AtelierPaysage_PlaceBellefontaine_Tintigny_3-400x267.jpg 400w, https:\/\/www.atelierpaysage.be\/wp-content\/uploads\/2023\/12\/AtelierPaysage_PlaceBellefontaine_Tintigny_3-768x512.jpg 768w, https:\/\/www.atelierpaysage.be\/wp-content\/uploads\/2023\/12\/AtelierPaysage_PlaceBellefontaine_Tintigny_3-1536x1024.jpg 1536w, https:\/\/www.atelierpaysage.be\/wp-content\/uploads\/2023\/12\/AtelierPaysage_PlaceBellefontaine_Tintigny_3.jpg 1860w\" sizes=\"(max-width: 1024px) 100vw, 1024px\" \/><\/figure>\n\n\n\n<div class=\"wp-block-columns is-layout-flex wp-container-core-columns-is-layout-3 wp-block-columns-is-layout-flex\">\n<div class=\"wp-block-column is-layout-flow wp-block-column-is-layout-flow\">\n<figure class=\"wp-block-image size-large is-resized\"><img loading=\"lazy\" decoding=\"async\" width=\"683\" height=\"1024\" src=\"https:\/\/www.atelierpaysage.be\/wp-content\/uploads\/2023\/12\/AtelierPaysage_PlaceBellefontaine_Tintigny_4-683x1024.jpg\" alt=\"\" class=\"wp-image-728\" style=\"object-fit:cover;width:310px;height:443px\" srcset=\"https:\/\/www.atelierpaysage.be\/wp-content\/uploads\/2023\/12\/AtelierPaysage_PlaceBellefontaine_Tintigny_4-683x1024.jpg 683w, https:\/\/www.atelierpaysage.be\/wp-content\/uploads\/2023\/12\/AtelierPaysage_PlaceBellefontaine_Tintigny_4-267x400.jpg 267w, https:\/\/www.atelierpaysage.be\/wp-content\/uploads\/2023\/12\/AtelierPaysage_PlaceBellefontaine_Tintigny_4-768x1152.jpg 768w, https:\/\/www.atelierpaysage.be\/wp-content\/uploads\/2023\/12\/AtelierPaysage_PlaceBellefontaine_Tintigny_4-1024x1536.jpg 1024w, https:\/\/www.atelierpaysage.be\/wp-content\/uploads\/2023\/12\/AtelierPaysage_PlaceBellefontaine_Tintigny_4.jpg 1240w\" sizes=\"(max-width: 683px) 100vw, 683px\" \/><\/figure>\n<\/div>\n\n\n\n<div class=\"wp-block-column is-layout-flow wp-block-column-is-layout-flow\">\n<figure class=\"wp-block-image size-large\"><img loading=\"lazy\" decoding=\"async\" width=\"1024\" height=\"683\" src=\"https:\/\/www.atelierpaysage.be\/wp-content\/uploads\/2023\/12\/AtelierPaysage_PlaceBellefontaine_Tintigny_5-1024x683.jpg\" alt=\"\" class=\"wp-image-729\" srcset=\"https:\/\/www.atelierpaysage.be\/wp-content\/uploads\/2023\/12\/AtelierPaysage_PlaceBellefontaine_Tintigny_5-1024x683.jpg 1024w, https:\/\/www.atelierpaysage.be\/wp-content\/uploads\/2023\/12\/AtelierPaysage_PlaceBellefontaine_Tintigny_5-400x267.jpg 400w, https:\/\/www.atelierpaysage.be\/wp-content\/uploads\/2023\/12\/AtelierPaysage_PlaceBellefontaine_Tintigny_5-768x512.jpg 768w, https:\/\/www.atelierpaysage.be\/wp-content\/uploads\/2023\/12\/AtelierPaysage_PlaceBellefontaine_Tintigny_5-1536x1024.jpg 1536w, https:\/\/www.atelierpaysage.be\/wp-content\/uploads\/2023\/12\/AtelierPaysage_PlaceBellefontaine_Tintigny_5.jpg 1860w\" sizes=\"(max-width: 1024px) 100vw, 1024px\" \/><\/figure>\n<\/div>\n<\/div>\n\n\n\n<div style=\"height:0px\" aria-hidden=\"true\" class=\"wp-block-spacer\"><\/div>\n\n\n\n<div style=\"height:0px\" aria-hidden=\"true\" class=\"wp-block-spacer\"><\/div>\n\n\n\n<figure class=\"wp-block-image size-large is-resized\"><img loading=\"lazy\" decoding=\"async\" width=\"1860\" height=\"1046\" src=\"https:\/\/www.atelierpaysage.be\/wp-content\/uploads\/2023\/12\/AtelierPaysage_PlaceBellefontaine_Tintigny_6-edited.jpg\" alt=\"\" class=\"wp-image-731\" style=\"width:641px\" srcset=\"https:\/\/www.atelierpaysage.be\/wp-content\/uploads\/2023\/12\/AtelierPaysage_PlaceBellefontaine_Tintigny_6-edited.jpg 1860w, https:\/\/www.atelierpaysage.be\/wp-content\/uploads\/2023\/12\/AtelierPaysage_PlaceBellefontaine_Tintigny_6-edited-400x225.jpg 400w, https:\/\/www.atelierpaysage.be\/wp-content\/uploads\/2023\/12\/AtelierPaysage_PlaceBellefontaine_Tintigny_6-edited-1024x576.jpg 1024w, https:\/\/www.atelierpaysage.be\/wp-content\/uploads\/2023\/12\/AtelierPaysage_PlaceBellefontaine_Tintigny_6-edited-768x432.jpg 768w, https:\/\/www.atelierpaysage.be\/wp-content\/uploads\/2023\/12\/AtelierPaysage_PlaceBellefontaine_Tintigny_6-edited-1536x864.jpg 1536w\" sizes=\"(max-width: 1860px) 100vw, 1860px\" \/><\/figure>\n\n\n\n<div style=\"height:0px\" aria-hidden=\"true\" class=\"wp-block-spacer\"><\/div>\n\n\n\n<p class=\"has-text-align-right has-objektiv-mk-3-font-family\" style=\"margin-top:0;margin-right:0;margin-bottom:0;margin-left:0;font-size:0.6rem;font-style:normal;font-weight:400\">Photos : Maxime Vermeulen<\/p>\n\n\n\n<div class=\"wp-block-columns is-layout-flex wp-container-core-columns-is-layout-4 wp-block-columns-is-layout-flex\">\n<div class=\"wp-block-column is-layout-flow wp-block-column-is-layout-flow\"><\/div>\n\n\n\n<div class=\"wp-block-column is-layout-flow wp-block-column-is-layout-flow\"><\/div>\n\n\n\n<div class=\"wp-block-column is-layout-flow wp-block-column-is-layout-flow\">\n<figure class=\"wp-block-image size-full is-resized\"><a href=\"https:\/\/maps.app.goo.gl\/2sKHqiTH1doEqSBT8\" target=\"_blank\" rel=\"https:\/\/www.google.com\/maps\/@49.6644756,5.4964363,3a,75y,246.33h,85.04t\/data=!3m7!1e1!3m5!1s_mXz4HOgOcRc02mve8b_VQ!2e0!5s20230801T000000!7i16384!8i8192?entry=ttu noreferrer noopener\"><img loading=\"lazy\" decoding=\"async\" width=\"674\" height=\"371\" src=\"https:\/\/www.atelierpaysage.be\/wp-content\/uploads\/2024\/01\/picto-localisation-3.jpg\" alt=\"\" class=\"wp-image-1525\" style=\"width:197px;height:auto\" srcset=\"https:\/\/www.atelierpaysage.be\/wp-content\/uploads\/2024\/01\/picto-localisation-3.jpg 674w, https:\/\/www.atelierpaysage.be\/wp-content\/uploads\/2024\/01\/picto-localisation-3-400x220.jpg 400w\" sizes=\"(max-width: 674px) 100vw, 674px\" \/><\/a><\/figure>\n<\/div>\n<\/div>\n","protected":false},"excerpt":{"rendered":"<p>Cr\u00e9ation d\u2019une nouvelle place et am\u00e9nagement de la travers\u00e9e routi\u00e8re Maitre d&rsquo;ouvrage \/ Commune de Tintigny Auteur de projet \/ ATELIER PAYSAGE srl Budget HTVA \/ 450 000 \u20ac R\u00e9alisation \/ Chantier r\u00e9ceptionn\u00e9 en 2018 Superficie \/ 4 100 m\u00b2 Autour de l\u2019ancien lavoir de Bellefontaine, comme dans de nombreux villages,&nbsp; la voiture s\u2019\u00e9tait impos\u00e9e [&hellip;]<\/p>\n","protected":false},"author":2,"featured_media":724,"comment_status":"closed","ping_status":"closed","sticky":false,"template":"page-without-title","format":"standard","meta":{"footnotes":""},"categories":[39],"tags":[],"class_list":["post-605","post","type-post","status-publish","format-standard","has-post-thumbnail","hentry","category-places-et-parvis"],"_links":{"self":[{"href":"https:\/\/www.atelierpaysage.be\/index.php?rest_route=\/wp\/v2\/posts\/605"}],"collection":[{"href":"https:\/\/www.atelierpaysage.be\/index.php?rest_route=\/wp\/v2\/posts"}],"about":[{"href":"https:\/\/www.atelierpaysage.be\/index.php?rest_route=\/wp\/v2\/types\/post"}],"author":[{"embeddable":true,"href":"https:\/\/www.atelierpaysage.be\/index.php?rest_route=\/wp\/v2\/users\/2"}],"replies":[{"embeddable":true,"href":"https:\/\/www.atelierpaysage.be\/index.php?rest_route=%2Fwp%2Fv2%2Fcomments&post=605"}],"version-history":[{"count":80,"href":"https:\/\/www.atelierpaysage.be\/index.php?rest_route=\/wp\/v2\/posts\/605\/revisions"}],"predecessor-version":[{"id":2376,"href":"https:\/\/www.atelierpaysage.be\/index.php?rest_route=\/wp\/v2\/posts\/605\/revisions\/2376"}],"wp:featuredmedia":[{"embeddable":true,"href":"https:\/\/www.atelierpaysage.be\/index.php?rest_route=\/wp\/v2\/media\/724"}],"wp:attachment":[{"href":"https:\/\/www.atelierpaysage.be\/index.php?rest_route=%2Fwp%2Fv2%2Fmedia&parent=605"}],"wp:term":[{"taxonomy":"category","embeddable":true,"href":"https:\/\/www.atelierpaysage.be\/index.php?rest_route=%2Fwp%2Fv2%2Fcategories&post=605"},{"taxonomy":"post_tag","embeddable":true,"href":"https:\/\/www.atelierpaysage.be\/index.php?rest_route=%2Fwp%2Fv2%2Ftags&post=605"}],"curies":[{"name":"wp","href":"https:\/\/api.w.org\/{rel}","templated":true}]}}