{"id":865,"date":"2024-08-06T05:00:00","date_gmt":"2024-08-06T03:00:00","guid":{"rendered":"https:\/\/www.atelierpaysage.be\/?p=865"},"modified":"2024-10-28T10:34:30","modified_gmt":"2024-10-28T09:34:30","slug":"parc-sepul","status":"publish","type":"post","link":"https:\/\/www.atelierpaysage.be\/?p=865","title":{"rendered":"Parc S\u00e9pul"},"content":{"rendered":"<h2 style=\"color:#d3baa9; font-size:1.6rem;font-style:normal;font-weight:500;line-height:1;text-transform:uppercase; padding-top:0;padding-bottom:0;padding-left:0;padding-right:0;margin-top:0;margin-bottom:0;margin-left:0;margin-right:0;\" class=\"has-link-color wp-elements-f5680937324b2bf8ae94ad6e87f67e8e wp-block-post-title has-text-color has-objektiv-mk-3-font-family\">Parc S\u00e9pul<\/h2>\n\n\n<div style=\"height:20px\" aria-hidden=\"true\" class=\"wp-block-spacer\"><\/div>\n\n\n\n<p class=\"has-objektiv-mk-3-font-family\" style=\"margin-top:0;margin-right:0;margin-bottom:0;margin-left:0;padding-top:0;padding-right:0;padding-bottom:0;padding-left:0;font-size:0.9rem;font-style:normal;font-weight:500;line-height:1.5;text-transform:uppercase\">Cr\u00e9ation d\u2019un parc public dans le jardin et les prairies d\u2019une ancienne ferme<\/p>\n\n\n\n<div style=\"height:0px\" aria-hidden=\"true\" class=\"wp-block-spacer\"><\/div>\n\n\n\n<figure class=\"wp-block-image size-large is-resized\"><img loading=\"lazy\" decoding=\"async\" width=\"1024\" height=\"612\" src=\"https:\/\/www.atelierpaysage.be\/wp-content\/uploads\/2023\/12\/AtelierPaysage_ParcSepul_Marche-en-Famenne_0-1024x612.jpg\" alt=\"\" class=\"wp-image-866\" style=\"width:641px\" srcset=\"https:\/\/www.atelierpaysage.be\/wp-content\/uploads\/2023\/12\/AtelierPaysage_ParcSepul_Marche-en-Famenne_0-1024x612.jpg 1024w, https:\/\/www.atelierpaysage.be\/wp-content\/uploads\/2023\/12\/AtelierPaysage_ParcSepul_Marche-en-Famenne_0-400x239.jpg 400w, https:\/\/www.atelierpaysage.be\/wp-content\/uploads\/2023\/12\/AtelierPaysage_ParcSepul_Marche-en-Famenne_0-768x459.jpg 768w, https:\/\/www.atelierpaysage.be\/wp-content\/uploads\/2023\/12\/AtelierPaysage_ParcSepul_Marche-en-Famenne_0-1536x917.jpg 1536w, https:\/\/www.atelierpaysage.be\/wp-content\/uploads\/2023\/12\/AtelierPaysage_ParcSepul_Marche-en-Famenne_0.jpg 1748w\" sizes=\"(max-width: 1024px) 100vw, 1024px\" \/><\/figure>\n\n\n\n<div class=\"wp-block-columns is-layout-flex wp-container-core-columns-is-layout-1 wp-block-columns-is-layout-flex\">\n<div class=\"wp-block-column is-layout-flow wp-block-column-is-layout-flow\"><div style=\"font-size:0.7rem;font-style:normal;font-weight:400\" class=\"taxonomy-category wp-block-post-terms has-objektiv-mk-3-font-family\"><a href=\"https:\/\/www.atelierpaysage.be\/?cat=16\" rel=\"tag\">Jeux et sports<\/a><span class=\"wp-block-post-terms__separator\">&#010;<\/span><a href=\"https:\/\/www.atelierpaysage.be\/?cat=38\" rel=\"tag\">Liaisons pi\u00e9tonnes<\/a><span class=\"wp-block-post-terms__separator\">&#010;<\/span><a href=\"https:\/\/www.atelierpaysage.be\/?cat=11\" rel=\"tag\">Parcs publics<\/a><span class=\"wp-block-post-terms__separator\">&#010;<\/span><a href=\"https:\/\/www.atelierpaysage.be\/?cat=39\" rel=\"tag\">Places et parvis<\/a><\/div><\/div>\n\n\n\n<div class=\"wp-block-column is-layout-flow wp-block-column-is-layout-flow\">\n<p class=\"has-objektiv-mk-3-font-family\" style=\"margin-top:0;margin-right:0;margin-bottom:0;margin-left:0;padding-top:0;padding-right:0;padding-bottom:0;padding-left:0;font-size:0.7rem;font-style:normal;font-weight:400\"><mark style=\"background-color:rgba(0, 0, 0, 0);color:#878786\" class=\"has-inline-color\">Maitre d&rsquo;ouvrage \/<\/mark> <\/p>\n\n\n\n<p class=\"has-objektiv-mk-3-font-family\" style=\"margin-top:0;margin-right:0;margin-bottom:0;margin-left:0;padding-top:0;padding-right:0;padding-bottom:0;padding-left:0;font-size:0.7rem;font-style:normal;font-weight:400\">Commune de Marche-en-Famenne<\/p>\n\n\n\n<div style=\"height:0px\" aria-hidden=\"true\" class=\"wp-block-spacer\"><\/div>\n\n\n\n<p class=\"has-objektiv-mk-3-font-family\" style=\"margin-top:0;margin-right:0;margin-bottom:0;margin-left:0;padding-top:0;padding-right:0;padding-bottom:0;padding-left:0;font-size:0.7rem;font-style:normal;font-weight:400\"><mark style=\"background-color:rgba(0, 0, 0, 0);color:#878786\" class=\"has-inline-color\">Auteur de projet \/ <\/mark><\/p>\n\n\n\n<p class=\"has-objektiv-mk-3-font-family\" style=\"margin-top:0;margin-right:0;margin-bottom:0;margin-left:0;padding-top:0;padding-right:0;padding-bottom:0;padding-left:0;font-size:0.7rem;font-style:normal;font-weight:400\">ATELIER PAYSAGE srl<\/p>\n\n\n\n<div style=\"height:0px\" aria-hidden=\"true\" class=\"wp-block-spacer\"><\/div>\n\n\n\n<p class=\"has-objektiv-mk-3-font-family\" style=\"margin-top:0;margin-right:0;margin-bottom:0;margin-left:0;padding-top:0;padding-right:0;padding-bottom:0;padding-left:0;font-size:0.7rem;font-style:normal;font-weight:400\"><mark style=\"background-color:rgba(0, 0, 0, 0);color:#878786\" class=\"has-inline-color\">Entreprise \/ <\/mark><\/p>\n\n\n\n<p class=\"has-objektiv-mk-3-font-family\" style=\"margin-top:0;margin-right:0;margin-bottom:0;margin-left:0;padding-top:0;padding-right:0;padding-bottom:0;padding-left:0;font-size:0.7rem;font-style:normal;font-weight:400\">NONET \/ TVB<\/p>\n<\/div>\n\n\n\n<div class=\"wp-block-column is-layout-flow wp-block-column-is-layout-flow\">\n<p class=\"has-objektiv-mk-3-font-family\" style=\"margin-top:0;margin-right:0;margin-bottom:0;margin-left:0;padding-top:0;padding-right:0;padding-bottom:0;padding-left:0;font-size:0.7rem\"><mark style=\"background-color:rgba(0, 0, 0, 0);color:#878786\" class=\"has-inline-color\">Budget HTVA \/<\/mark><\/p>\n\n\n\n<p class=\"has-objektiv-mk-3-font-family\" style=\"margin-top:0;margin-right:0;margin-bottom:0;margin-left:0;padding-top:0;padding-right:0;padding-bottom:0;padding-left:0;font-size:0.7rem\">850 000 \u20ac<\/p>\n\n\n\n<div style=\"height:0px\" aria-hidden=\"true\" class=\"wp-block-spacer\"><\/div>\n\n\n\n<p class=\"has-objektiv-mk-3-font-family\" style=\"margin-top:0;margin-right:0;margin-bottom:0;margin-left:0;padding-top:0;padding-right:0;padding-bottom:0;padding-left:0;font-size:0.7rem;font-style:normal;font-weight:400\"><mark style=\"background-color:rgba(0, 0, 0, 0);color:#878786\" class=\"has-inline-color\">R\u00e9alisation \/<\/mark> <\/p>\n\n\n\n<p class=\"has-objektiv-mk-3-font-family\" style=\"margin-top:0;margin-right:0;margin-bottom:0;margin-left:0;padding-top:0;padding-right:0;padding-bottom:0;padding-left:0;font-size:0.7rem;font-style:normal;font-weight:400\">Chantier en cours<\/p>\n\n\n\n<div style=\"height:0px\" aria-hidden=\"true\" class=\"wp-block-spacer\"><\/div>\n\n\n\n<p class=\"has-objektiv-mk-3-font-family\" style=\"margin-top:0;margin-right:0;margin-bottom:0;margin-left:0;padding-top:0;padding-right:0;padding-bottom:0;padding-left:0;font-size:0.7rem;font-style:normal;font-weight:400\"><mark style=\"background-color:rgba(0, 0, 0, 0);color:#878786\" class=\"has-inline-color\">Superficie \/<\/mark> <\/p>\n\n\n\n<p class=\"has-objektiv-mk-3-font-family\" style=\"margin-top:0;margin-right:0;margin-bottom:0;margin-left:0;padding-top:0;padding-right:0;padding-bottom:0;padding-left:0;font-size:0.7rem;font-style:normal;font-weight:400\">7 400 m\u00b2<\/p>\n<\/div>\n<\/div>\n\n\n\n<div style=\"height:0px\" aria-hidden=\"true\" class=\"wp-block-spacer\"><\/div>\n\n\n\n<p class=\"has-objektiv-mk-3-font-family\" style=\"margin-top:0;margin-right:0;margin-bottom:0;margin-left:0;padding-top:var(--wp--preset--spacing--20);padding-right:0;padding-bottom:var(--wp--preset--spacing--20);padding-left:0;font-size:0.8rem;font-style:normal;font-weight:400\">Au c\u0153ur de l\u2019agglom\u00e9ration de Marloie, il subsiste du paysage rural d\u2019autrefois la \u00ab vieille cense \u00bb, une ferme en carr\u00e9 traditionnelle et juste \u00e0 c\u00f4t\u00e9 la ferme S\u00e9pul plus modeste.<\/p>\n\n\n\n<p class=\"has-objektiv-mk-3-font-family\" style=\"margin-top:0;margin-right:0;margin-bottom:0;margin-left:0;padding-top:var(--wp--preset--spacing--20);padding-right:0;padding-bottom:var(--wp--preset--spacing--20);padding-left:0;font-size:0.8rem;font-style:normal;font-weight:400\">Ce b\u00e2timent sera prochainement transform\u00e9 en cr\u00e8che, au centre d\u2019un nouveau parc public.<\/p>\n\n\n\n<p class=\"has-objektiv-mk-3-font-family\" style=\"margin-top:0;margin-right:0;margin-bottom:0;margin-left:0;padding-top:var(--wp--preset--spacing--20);padding-right:0;padding-bottom:var(--wp--preset--spacing--20);padding-left:0;font-size:0.8rem;font-style:normal;font-weight:400\">Le parc se divise en 3 zones selon la configuration historique des lieux : la cour, le jardin et la prairie.<\/p>\n\n\n\n<p class=\"has-objektiv-mk-3-font-family\" style=\"margin-top:0;margin-right:0;margin-bottom:0;margin-left:0;padding-top:var(--wp--preset--spacing--20);padding-right:0;padding-bottom:var(--wp--preset--spacing--20);padding-left:0;font-size:0.8rem;font-style:normal;font-weight:400\">La cour derri\u00e8re un mur de pierre, parvis de la cr\u00e8che et du parc, offre un lieu de rencontre et d\u2019accueil anim\u00e9 de quelques jeux et animaux en bois.<\/p>\n\n\n\n<p class=\"has-objektiv-mk-3-font-family\" style=\"margin-top:0;margin-right:0;margin-bottom:0;margin-left:0;padding-top:var(--wp--preset--spacing--20);padding-right:0;padding-bottom:var(--wp--preset--spacing--20);padding-left:0;font-size:0.8rem;font-style:normal;font-weight:400\">Sur le c\u00f4t\u00e9, derri\u00e8re une vieille haie, \u00e0 l\u2019ombre d\u2019un noyer, le jardin descend vers la prairie. L\u2019ancien potager de la famille S\u00e9pul sera cultiv\u00e9 par les enfants de l\u2019\u00e9cole voisine.<\/p>\n\n\n\n<p class=\"has-objektiv-mk-3-font-family\" style=\"margin-top:0;margin-right:0;margin-bottom:0;margin-left:0;padding-top:var(--wp--preset--spacing--20);padding-right:0;padding-bottom:var(--wp--preset--spacing--20);padding-left:0;font-size:0.8rem;font-style:normal;font-weight:400\">A l\u2019arri\u00e8re, un verger haute tige est replant\u00e9 dans de grandes \u00e9tendues fauch\u00e9es.<\/p>\n\n\n\n<p class=\"has-objektiv-mk-3-font-family\" style=\"margin-top:0;margin-right:0;margin-bottom:0;margin-left:0;padding-top:var(--wp--preset--spacing--20);padding-right:0;padding-bottom:var(--wp--preset--spacing--20);padding-left:0;font-size:0.8rem;font-style:normal;font-weight:400\">La prairie est travers\u00e9e de sentiers qui relient les diff\u00e9rentes rues et donnent acc\u00e8s \u00e0 la cour et au jardin.<\/p>\n\n\n\n<p class=\"has-objektiv-mk-3-font-family\" style=\"margin-top:0;margin-right:0;margin-bottom:0;margin-left:0;padding-top:var(--wp--preset--spacing--20);padding-right:0;padding-bottom:var(--wp--preset--spacing--20);padding-left:0;font-size:0.8rem;font-style:normal;font-weight:400\">Une zone de jeux et des terrasses se dressent dans la prairie en s\u2019inspirant des chevalets et meules de foin d\u2019antan.<\/p>\n\n\n\n<p class=\"has-objektiv-mk-3-font-family\" style=\"margin-top:0;margin-right:0;margin-bottom:0;margin-left:0;padding-top:var(--wp--preset--spacing--20);padding-right:0;padding-bottom:var(--wp--preset--spacing--20);padding-left:0;font-size:0.8rem;font-style:normal;font-weight:400\">Le projet s\u2019est construit en tentant de renforcer les qualit\u00e9s naturelles du site, en s\u2019inspirant de son identit\u00e9 agricole d\u2019autrefois, tout en rencontrant les usages d\u2019un parc public contemporain.<\/p>\n\n\n\n<div style=\"height:0px\" aria-hidden=\"true\" class=\"wp-block-spacer\"><\/div>\n\n\n\n<div class=\"wp-block-columns is-layout-flex wp-container-core-columns-is-layout-2 wp-block-columns-is-layout-flex\">\n<div class=\"wp-block-column is-layout-flow wp-block-column-is-layout-flow\">\n<figure class=\"wp-block-image size-full is-resized\"><img loading=\"lazy\" decoding=\"async\" width=\"1748\" height=\"1236\" src=\"https:\/\/www.atelierpaysage.be\/wp-content\/uploads\/2023\/12\/AtelierPaysage_ParcSepul_Marche-en-Famenne_4.jpg\" alt=\"\" class=\"wp-image-870\" style=\"object-fit:cover;width:310px;height:443px\" srcset=\"https:\/\/www.atelierpaysage.be\/wp-content\/uploads\/2023\/12\/AtelierPaysage_ParcSepul_Marche-en-Famenne_4.jpg 1748w, https:\/\/www.atelierpaysage.be\/wp-content\/uploads\/2023\/12\/AtelierPaysage_ParcSepul_Marche-en-Famenne_4-400x283.jpg 400w, https:\/\/www.atelierpaysage.be\/wp-content\/uploads\/2023\/12\/AtelierPaysage_ParcSepul_Marche-en-Famenne_4-1024x724.jpg 1024w, https:\/\/www.atelierpaysage.be\/wp-content\/uploads\/2023\/12\/AtelierPaysage_ParcSepul_Marche-en-Famenne_4-768x543.jpg 768w, https:\/\/www.atelierpaysage.be\/wp-content\/uploads\/2023\/12\/AtelierPaysage_ParcSepul_Marche-en-Famenne_4-1536x1086.jpg 1536w\" sizes=\"(max-width: 1748px) 100vw, 1748px\" \/><\/figure>\n<\/div>\n\n\n\n<div class=\"wp-block-column is-layout-flow wp-block-column-is-layout-flow\">\n<figure class=\"wp-block-image size-large is-resized\"><img loading=\"lazy\" decoding=\"async\" width=\"1024\" height=\"724\" src=\"https:\/\/www.atelierpaysage.be\/wp-content\/uploads\/2023\/12\/AtelierPaysage_ParcSepul_Marche-en-Famenne_5-1024x724.jpg\" alt=\"\" class=\"wp-image-871\" style=\"object-fit:cover;width:310px;height:443px\" srcset=\"https:\/\/www.atelierpaysage.be\/wp-content\/uploads\/2023\/12\/AtelierPaysage_ParcSepul_Marche-en-Famenne_5-1024x724.jpg 1024w, https:\/\/www.atelierpaysage.be\/wp-content\/uploads\/2023\/12\/AtelierPaysage_ParcSepul_Marche-en-Famenne_5-400x283.jpg 400w, https:\/\/www.atelierpaysage.be\/wp-content\/uploads\/2023\/12\/AtelierPaysage_ParcSepul_Marche-en-Famenne_5-768x543.jpg 768w, https:\/\/www.atelierpaysage.be\/wp-content\/uploads\/2023\/12\/AtelierPaysage_ParcSepul_Marche-en-Famenne_5-1536x1086.jpg 1536w, https:\/\/www.atelierpaysage.be\/wp-content\/uploads\/2023\/12\/AtelierPaysage_ParcSepul_Marche-en-Famenne_5.jpg 1748w\" sizes=\"(max-width: 1024px) 100vw, 1024px\" \/><\/figure>\n<\/div>\n<\/div>\n\n\n\n<div style=\"height:0px\" aria-hidden=\"true\" class=\"wp-block-spacer\"><\/div>\n\n\n\n<figure class=\"wp-block-image size-large is-resized\"><img loading=\"lazy\" decoding=\"async\" width=\"1024\" height=\"576\" src=\"http:\/\/www.atelierpaysage.be\/wp-content\/uploads\/2024\/08\/Atelierpaysage-parc-sepul-241011-1-1024x576.jpg\" alt=\"\" class=\"wp-image-2402\" style=\"width:641px\" srcset=\"https:\/\/www.atelierpaysage.be\/wp-content\/uploads\/2024\/08\/Atelierpaysage-parc-sepul-241011-1-1024x576.jpg 1024w, https:\/\/www.atelierpaysage.be\/wp-content\/uploads\/2024\/08\/Atelierpaysage-parc-sepul-241011-1-400x225.jpg 400w, https:\/\/www.atelierpaysage.be\/wp-content\/uploads\/2024\/08\/Atelierpaysage-parc-sepul-241011-1-768x432.jpg 768w, https:\/\/www.atelierpaysage.be\/wp-content\/uploads\/2024\/08\/Atelierpaysage-parc-sepul-241011-1-1536x864.jpg 1536w, https:\/\/www.atelierpaysage.be\/wp-content\/uploads\/2024\/08\/Atelierpaysage-parc-sepul-241011-1-2048x1152.jpg 2048w\" sizes=\"(max-width: 1024px) 100vw, 1024px\" \/><\/figure>\n\n\n\n<figure class=\"wp-block-image size-large is-resized\"><img loading=\"lazy\" decoding=\"async\" width=\"1024\" height=\"605\" src=\"https:\/\/www.atelierpaysage.be\/wp-content\/uploads\/2023\/12\/AtelierPaysage_ParcSepul_Marche-en-Famenne_2-1024x605.jpg\" alt=\"\" class=\"wp-image-868\" style=\"width:641px\" srcset=\"https:\/\/www.atelierpaysage.be\/wp-content\/uploads\/2023\/12\/AtelierPaysage_ParcSepul_Marche-en-Famenne_2-1024x605.jpg 1024w, https:\/\/www.atelierpaysage.be\/wp-content\/uploads\/2023\/12\/AtelierPaysage_ParcSepul_Marche-en-Famenne_2-400x236.jpg 400w, https:\/\/www.atelierpaysage.be\/wp-content\/uploads\/2023\/12\/AtelierPaysage_ParcSepul_Marche-en-Famenne_2-768x454.jpg 768w, https:\/\/www.atelierpaysage.be\/wp-content\/uploads\/2023\/12\/AtelierPaysage_ParcSepul_Marche-en-Famenne_2-1536x908.jpg 1536w, https:\/\/www.atelierpaysage.be\/wp-content\/uploads\/2023\/12\/AtelierPaysage_ParcSepul_Marche-en-Famenne_2.jpg 1748w\" sizes=\"(max-width: 1024px) 100vw, 1024px\" \/><\/figure>\n\n\n\n<div style=\"height:0px\" aria-hidden=\"true\" class=\"wp-block-spacer\"><\/div>\n\n\n\n<div class=\"wp-block-columns is-layout-flex wp-container-core-columns-is-layout-3 wp-block-columns-is-layout-flex\">\n<div class=\"wp-block-column is-layout-flow wp-block-column-is-layout-flow\">\n<figure class=\"wp-block-image size-large is-resized\"><img loading=\"lazy\" decoding=\"async\" width=\"1024\" height=\"663\" src=\"https:\/\/www.atelierpaysage.be\/wp-content\/uploads\/2023\/12\/AtelierPaysage_ParcSepul_Marche-en-Famenne_1-e1702654171166-1024x663.jpg\" alt=\"\" class=\"wp-image-867\" style=\"object-fit:cover;width:310px;height:209px\" srcset=\"https:\/\/www.atelierpaysage.be\/wp-content\/uploads\/2023\/12\/AtelierPaysage_ParcSepul_Marche-en-Famenne_1-e1702654171166-1024x663.jpg 1024w, https:\/\/www.atelierpaysage.be\/wp-content\/uploads\/2023\/12\/AtelierPaysage_ParcSepul_Marche-en-Famenne_1-e1702654171166-400x259.jpg 400w, https:\/\/www.atelierpaysage.be\/wp-content\/uploads\/2023\/12\/AtelierPaysage_ParcSepul_Marche-en-Famenne_1-e1702654171166-768x497.jpg 768w, https:\/\/www.atelierpaysage.be\/wp-content\/uploads\/2023\/12\/AtelierPaysage_ParcSepul_Marche-en-Famenne_1-e1702654171166-1536x995.jpg 1536w, https:\/\/www.atelierpaysage.be\/wp-content\/uploads\/2023\/12\/AtelierPaysage_ParcSepul_Marche-en-Famenne_1-e1702654171166.jpg 1641w\" sizes=\"(max-width: 1024px) 100vw, 1024px\" \/><\/figure>\n<\/div>\n\n\n\n<div class=\"wp-block-column is-layout-flow wp-block-column-is-layout-flow\"><\/div>\n<\/div>\n\n\n\n<figure class=\"wp-block-image size-large is-resized\"><img loading=\"lazy\" decoding=\"async\" width=\"1024\" height=\"588\" src=\"https:\/\/www.atelierpaysage.be\/wp-content\/uploads\/2023\/12\/AtelierPaysage_ParcSepul_Marche-en-Famenne_3-1024x588.jpg\" alt=\"\" class=\"wp-image-869\" style=\"width:641px\" srcset=\"https:\/\/www.atelierpaysage.be\/wp-content\/uploads\/2023\/12\/AtelierPaysage_ParcSepul_Marche-en-Famenne_3-1024x588.jpg 1024w, https:\/\/www.atelierpaysage.be\/wp-content\/uploads\/2023\/12\/AtelierPaysage_ParcSepul_Marche-en-Famenne_3-400x230.jpg 400w, https:\/\/www.atelierpaysage.be\/wp-content\/uploads\/2023\/12\/AtelierPaysage_ParcSepul_Marche-en-Famenne_3-768x441.jpg 768w, https:\/\/www.atelierpaysage.be\/wp-content\/uploads\/2023\/12\/AtelierPaysage_ParcSepul_Marche-en-Famenne_3-1536x882.jpg 1536w, https:\/\/www.atelierpaysage.be\/wp-content\/uploads\/2023\/12\/AtelierPaysage_ParcSepul_Marche-en-Famenne_3.jpg 1748w\" sizes=\"(max-width: 1024px) 100vw, 1024px\" \/><\/figure>\n\n\n\n<div class=\"wp-block-columns is-layout-flex wp-container-core-columns-is-layout-4 wp-block-columns-is-layout-flex\">\n<div class=\"wp-block-column is-layout-flow wp-block-column-is-layout-flow\">\n<figure class=\"wp-block-image size-full is-resized\"><img loading=\"lazy\" decoding=\"async\" width=\"700\" height=\"700\" src=\"http:\/\/www.atelierpaysage.be\/wp-content\/uploads\/2024\/08\/feuille-texture-blanche-1.jpg\" alt=\"\" class=\"wp-image-2414\" style=\"object-fit:cover;width:310px;height:209px\" srcset=\"https:\/\/www.atelierpaysage.be\/wp-content\/uploads\/2024\/08\/feuille-texture-blanche-1.jpg 700w, https:\/\/www.atelierpaysage.be\/wp-content\/uploads\/2024\/08\/feuille-texture-blanche-1-400x400.jpg 400w, https:\/\/www.atelierpaysage.be\/wp-content\/uploads\/2024\/08\/feuille-texture-blanche-1-300x300.jpg 300w\" sizes=\"(max-width: 700px) 100vw, 700px\" \/><\/figure>\n\n\n\n<div style=\"height:1px\" aria-hidden=\"true\" class=\"wp-block-spacer\"><\/div>\n\n\n\n<figure class=\"wp-block-image size-large is-resized\"><img loading=\"lazy\" decoding=\"async\" width=\"1024\" height=\"576\" src=\"http:\/\/www.atelierpaysage.be\/wp-content\/uploads\/2024\/08\/Atelierpaysage-parc-sepul-241011-5-1024x576.jpg\" alt=\"\" class=\"wp-image-2411\" style=\"object-fit:cover;width:310px;height:209px\" srcset=\"https:\/\/www.atelierpaysage.be\/wp-content\/uploads\/2024\/08\/Atelierpaysage-parc-sepul-241011-5-1024x576.jpg 1024w, https:\/\/www.atelierpaysage.be\/wp-content\/uploads\/2024\/08\/Atelierpaysage-parc-sepul-241011-5-400x225.jpg 400w, https:\/\/www.atelierpaysage.be\/wp-content\/uploads\/2024\/08\/Atelierpaysage-parc-sepul-241011-5-768x432.jpg 768w, https:\/\/www.atelierpaysage.be\/wp-content\/uploads\/2024\/08\/Atelierpaysage-parc-sepul-241011-5-1536x864.jpg 1536w, https:\/\/www.atelierpaysage.be\/wp-content\/uploads\/2024\/08\/Atelierpaysage-parc-sepul-241011-5-2048x1152.jpg 2048w\" sizes=\"(max-width: 1024px) 100vw, 1024px\" \/><\/figure>\n<\/div>\n\n\n\n<div class=\"wp-block-column is-layout-flow wp-block-column-is-layout-flow\">\n<figure class=\"wp-block-image size-full is-resized\"><img loading=\"lazy\" decoding=\"async\" width=\"2138\" height=\"1203\" src=\"http:\/\/www.atelierpaysage.be\/wp-content\/uploads\/2024\/08\/Atelierpaysage-parc-sepul-241011-8.jpg\" alt=\"\" class=\"wp-image-2406\" style=\"object-fit:cover;width:310px;height:209px\" srcset=\"https:\/\/www.atelierpaysage.be\/wp-content\/uploads\/2024\/08\/Atelierpaysage-parc-sepul-241011-8.jpg 2138w, https:\/\/www.atelierpaysage.be\/wp-content\/uploads\/2024\/08\/Atelierpaysage-parc-sepul-241011-8-400x225.jpg 400w, https:\/\/www.atelierpaysage.be\/wp-content\/uploads\/2024\/08\/Atelierpaysage-parc-sepul-241011-8-1024x576.jpg 1024w, https:\/\/www.atelierpaysage.be\/wp-content\/uploads\/2024\/08\/Atelierpaysage-parc-sepul-241011-8-768x432.jpg 768w, https:\/\/www.atelierpaysage.be\/wp-content\/uploads\/2024\/08\/Atelierpaysage-parc-sepul-241011-8-1536x864.jpg 1536w, https:\/\/www.atelierpaysage.be\/wp-content\/uploads\/2024\/08\/Atelierpaysage-parc-sepul-241011-8-2048x1152.jpg 2048w\" sizes=\"(max-width: 2138px) 100vw, 2138px\" \/><\/figure>\n\n\n\n<div style=\"height:1px\" aria-hidden=\"true\" class=\"wp-block-spacer\"><\/div>\n\n\n\n<figure class=\"wp-block-image size-large is-resized\"><img loading=\"lazy\" decoding=\"async\" width=\"1024\" height=\"576\" src=\"http:\/\/www.atelierpaysage.be\/wp-content\/uploads\/2024\/08\/Atelierpaysage-parc-sepul-241011-4-1024x576.jpg\" alt=\"\" class=\"wp-image-2410\" style=\"object-fit:cover;width:310px;height:209px\" srcset=\"https:\/\/www.atelierpaysage.be\/wp-content\/uploads\/2024\/08\/Atelierpaysage-parc-sepul-241011-4-1024x576.jpg 1024w, https:\/\/www.atelierpaysage.be\/wp-content\/uploads\/2024\/08\/Atelierpaysage-parc-sepul-241011-4-400x225.jpg 400w, https:\/\/www.atelierpaysage.be\/wp-content\/uploads\/2024\/08\/Atelierpaysage-parc-sepul-241011-4-768x432.jpg 768w, https:\/\/www.atelierpaysage.be\/wp-content\/uploads\/2024\/08\/Atelierpaysage-parc-sepul-241011-4-1536x864.jpg 1536w, https:\/\/www.atelierpaysage.be\/wp-content\/uploads\/2024\/08\/Atelierpaysage-parc-sepul-241011-4-2048x1152.jpg 2048w\" sizes=\"(max-width: 1024px) 100vw, 1024px\" \/><\/figure>\n<\/div>\n<\/div>\n\n\n\n<figure class=\"wp-block-image size-large is-resized\"><img loading=\"lazy\" decoding=\"async\" width=\"1024\" height=\"737\" src=\"https:\/\/www.atelierpaysage.be\/wp-content\/uploads\/2023\/12\/Scan-animaux-1024x737.jpg\" alt=\"\" class=\"wp-image-2049\" style=\"object-fit:cover;width:641px;height:443px\" srcset=\"https:\/\/www.atelierpaysage.be\/wp-content\/uploads\/2023\/12\/Scan-animaux-1024x737.jpg 1024w, https:\/\/www.atelierpaysage.be\/wp-content\/uploads\/2023\/12\/Scan-animaux-400x288.jpg 400w, https:\/\/www.atelierpaysage.be\/wp-content\/uploads\/2023\/12\/Scan-animaux-768x553.jpg 768w, https:\/\/www.atelierpaysage.be\/wp-content\/uploads\/2023\/12\/Scan-animaux-1536x1105.jpg 1536w, https:\/\/www.atelierpaysage.be\/wp-content\/uploads\/2023\/12\/Scan-animaux.jpg 1939w\" sizes=\"(max-width: 1024px) 100vw, 1024px\" \/><\/figure>\n\n\n\n<figure class=\"wp-block-image size-large is-resized\"><img loading=\"lazy\" decoding=\"async\" width=\"1024\" height=\"576\" src=\"http:\/\/www.atelierpaysage.be\/wp-content\/uploads\/2024\/08\/Atelierpaysage-parc-sepul-241011-2-1024x576.jpg\" alt=\"\" class=\"wp-image-2408\" style=\"object-fit:cover;width:641px;height:443px\" srcset=\"https:\/\/www.atelierpaysage.be\/wp-content\/uploads\/2024\/08\/Atelierpaysage-parc-sepul-241011-2-1024x576.jpg 1024w, https:\/\/www.atelierpaysage.be\/wp-content\/uploads\/2024\/08\/Atelierpaysage-parc-sepul-241011-2-400x225.jpg 400w, https:\/\/www.atelierpaysage.be\/wp-content\/uploads\/2024\/08\/Atelierpaysage-parc-sepul-241011-2-768x432.jpg 768w, https:\/\/www.atelierpaysage.be\/wp-content\/uploads\/2024\/08\/Atelierpaysage-parc-sepul-241011-2-1536x864.jpg 1536w, https:\/\/www.atelierpaysage.be\/wp-content\/uploads\/2024\/08\/Atelierpaysage-parc-sepul-241011-2-2048x1152.jpg 2048w\" sizes=\"(max-width: 1024px) 100vw, 1024px\" \/><\/figure>\n","protected":false},"excerpt":{"rendered":"<p>Cr\u00e9ation d\u2019un parc public dans le jardin et les prairies d\u2019une ancienne ferme Maitre d&rsquo;ouvrage \/ Commune de Marche-en-Famenne Auteur de projet \/ ATELIER PAYSAGE srl Entreprise \/ NONET \/ TVB Budget HTVA \/ 850 000 \u20ac R\u00e9alisation \/ Chantier en cours Superficie \/ 7 400 m\u00b2 Au c\u0153ur de l\u2019agglom\u00e9ration de Marloie, il subsiste [&hellip;]<\/p>\n","protected":false},"author":4,"featured_media":866,"comment_status":"closed","ping_status":"closed","sticky":false,"template":"page-without-title","format":"standard","meta":{"footnotes":""},"categories":[16,38,11,39],"tags":[],"class_list":["post-865","post","type-post","status-publish","format-standard","has-post-thumbnail","hentry","category-jeux-et-sports","category-liaisons-pietonnes","category-parcs-publics","category-places-et-parvis"],"_links":{"self":[{"href":"https:\/\/www.atelierpaysage.be\/index.php?rest_route=\/wp\/v2\/posts\/865"}],"collection":[{"href":"https:\/\/www.atelierpaysage.be\/index.php?rest_route=\/wp\/v2\/posts"}],"about":[{"href":"https:\/\/www.atelierpaysage.be\/index.php?rest_route=\/wp\/v2\/types\/post"}],"author":[{"embeddable":true,"href":"https:\/\/www.atelierpaysage.be\/index.php?rest_route=\/wp\/v2\/users\/4"}],"replies":[{"embeddable":true,"href":"https:\/\/www.atelierpaysage.be\/index.php?rest_route=%2Fwp%2Fv2%2Fcomments&post=865"}],"version-history":[{"count":23,"href":"https:\/\/www.atelierpaysage.be\/index.php?rest_route=\/wp\/v2\/posts\/865\/revisions"}],"predecessor-version":[{"id":2420,"href":"https:\/\/www.atelierpaysage.be\/index.php?rest_route=\/wp\/v2\/posts\/865\/revisions\/2420"}],"wp:featuredmedia":[{"embeddable":true,"href":"https:\/\/www.atelierpaysage.be\/index.php?rest_route=\/wp\/v2\/media\/866"}],"wp:attachment":[{"href":"https:\/\/www.atelierpaysage.be\/index.php?rest_route=%2Fwp%2Fv2%2Fmedia&parent=865"}],"wp:term":[{"taxonomy":"category","embeddable":true,"href":"https:\/\/www.atelierpaysage.be\/index.php?rest_route=%2Fwp%2Fv2%2Fcategories&post=865"},{"taxonomy":"post_tag","embeddable":true,"href":"https:\/\/www.atelierpaysage.be\/index.php?rest_route=%2Fwp%2Fv2%2Ftags&post=865"}],"curies":[{"name":"wp","href":"https:\/\/api.w.org\/{rel}","templated":true}]}}