{"id":910,"date":"2024-08-06T04:00:00","date_gmt":"2024-08-06T02:00:00","guid":{"rendered":"https:\/\/www.atelierpaysage.be\/?p=910"},"modified":"2024-10-28T10:39:23","modified_gmt":"2024-10-28T09:39:23","slug":"plaine-de-la-rosiere","status":"publish","type":"post","link":"https:\/\/www.atelierpaysage.be\/?p=910","title":{"rendered":"Plaine de la Rosi\u00e8re"},"content":{"rendered":"<h2 style=\"color:#be8c68; font-size:1.6rem;font-style:normal;font-weight:400;line-height:1;text-transform:uppercase; padding-top:0;padding-bottom:0;padding-left:0;padding-right:0;margin-top:0;margin-bottom:0;margin-left:0;margin-right:0;\" class=\"has-link-color wp-elements-2f44beeb566f653dc195dfc76e406ec4 wp-block-post-title has-text-color has-objektiv-mk-3-font-family\">Plaine de la Rosi\u00e8re<\/h2>\n\n\n<div style=\"height:20px\" aria-hidden=\"true\" class=\"wp-block-spacer\"><\/div>\n\n\n\n<p class=\"has-objektiv-mk-3-font-family\" style=\"margin-top:0;margin-right:0;margin-bottom:0;margin-left:0;padding-top:0;padding-right:0;padding-bottom:0;padding-left:0;font-size:0.9rem;font-style:normal;font-weight:500;line-height:1.5;text-transform:uppercase\">Cr\u00e9ation d\u2019un parking paysager et de parcours urbains<\/p>\n\n\n\n<div style=\"height:0px\" aria-hidden=\"true\" class=\"wp-block-spacer\"><\/div>\n\n\n\n<figure class=\"wp-block-image size-large is-resized\"><img loading=\"lazy\" decoding=\"async\" width=\"1024\" height=\"737\" src=\"https:\/\/www.atelierpaysage.be\/wp-content\/uploads\/2023\/12\/Plaine-Rosiere-1-1024x737.jpg\" alt=\"\" class=\"wp-image-1964\" style=\"width:641px\" srcset=\"https:\/\/www.atelierpaysage.be\/wp-content\/uploads\/2023\/12\/Plaine-Rosiere-1-1024x737.jpg 1024w, https:\/\/www.atelierpaysage.be\/wp-content\/uploads\/2023\/12\/Plaine-Rosiere-1-400x288.jpg 400w, https:\/\/www.atelierpaysage.be\/wp-content\/uploads\/2023\/12\/Plaine-Rosiere-1-768x553.jpg 768w, https:\/\/www.atelierpaysage.be\/wp-content\/uploads\/2023\/12\/Plaine-Rosiere-1-1536x1105.jpg 1536w, https:\/\/www.atelierpaysage.be\/wp-content\/uploads\/2023\/12\/Plaine-Rosiere-1.jpg 1939w\" sizes=\"(max-width: 1024px) 100vw, 1024px\" \/><\/figure>\n\n\n\n<div class=\"wp-block-columns is-layout-flex wp-container-core-columns-is-layout-1 wp-block-columns-is-layout-flex\">\n<div class=\"wp-block-column is-layout-flow wp-block-column-is-layout-flow\"><div style=\"font-size:0.7rem;font-style:normal;font-weight:400\" class=\"taxonomy-category wp-block-post-terms has-objektiv-mk-3-font-family\"><a href=\"https:\/\/www.atelierpaysage.be\/?cat=38\" rel=\"tag\">Liaisons pi\u00e9tonnes<\/a><span class=\"wp-block-post-terms__separator\">&#010;<\/span><a href=\"https:\/\/www.atelierpaysage.be\/?cat=11\" rel=\"tag\">Parcs publics<\/a><span class=\"wp-block-post-terms__separator\">&#010;<\/span><a href=\"https:\/\/www.atelierpaysage.be\/?cat=37\" rel=\"tag\">Rivi\u00e8res et plaines<\/a><\/div><\/div>\n\n\n\n<div class=\"wp-block-column is-layout-flow wp-block-column-is-layout-flow\">\n<p class=\"has-objektiv-mk-3-font-family\" style=\"margin-top:0;margin-right:0;margin-bottom:0;margin-left:0;padding-top:0;padding-right:0;padding-bottom:0;padding-left:0;font-size:0.7rem;font-style:normal;font-weight:400\"><mark style=\"background-color:rgba(0, 0, 0, 0);color:#878786\" class=\"has-inline-color\">Maitre d&rsquo;ouvrage \/<\/mark> <\/p>\n\n\n\n<p class=\"has-objektiv-mk-3-font-family\" style=\"margin-top:0;margin-right:0;margin-bottom:0;margin-left:0;padding-top:0;padding-right:0;padding-bottom:0;padding-left:0;font-size:0.7rem;font-style:normal;font-weight:400\">Commune de Fosses-La-Ville<\/p>\n\n\n\n<div style=\"height:1px\" aria-hidden=\"true\" class=\"wp-block-spacer\"><\/div>\n\n\n\n<p class=\"has-objektiv-mk-3-font-family\" style=\"margin-top:0;margin-right:0;margin-bottom:0;margin-left:0;padding-top:0;padding-right:0;padding-bottom:0;padding-left:0;font-size:0.7rem;font-style:normal;font-weight:400\"><mark style=\"background-color:rgba(0, 0, 0, 0);color:#878786\" class=\"has-inline-color\">Auteur de projet \/ <\/mark><\/p>\n\n\n\n<p class=\"has-objektiv-mk-3-font-family\" style=\"margin-top:0;margin-right:0;margin-bottom:0;margin-left:0;padding-top:0;padding-right:0;padding-bottom:0;padding-left:0;font-size:0.7rem;font-style:normal;font-weight:400\">BEP \/ XMU \/ ATELIER PAYSAGE srl<\/p>\n\n\n\n<div style=\"height:1px\" aria-hidden=\"true\" class=\"wp-block-spacer\"><\/div>\n\n\n\n<p class=\"has-objektiv-mk-3-font-family\" style=\"margin-top:0;margin-right:0;margin-bottom:0;margin-left:0;padding-top:0;padding-right:0;padding-bottom:0;padding-left:0;font-size:0.7rem;font-style:normal;font-weight:400\"><mark style=\"background-color:rgba(0, 0, 0, 0);color:#878786\" class=\"has-inline-color\">Entreprise \/ <\/mark><\/p>\n\n\n\n<p class=\"has-objektiv-mk-3-font-family\" style=\"margin-top:0;margin-right:0;margin-bottom:0;margin-left:0;padding-top:0;padding-right:0;padding-bottom:0;padding-left:0;font-size:0.7rem;font-style:normal;font-weight:400\">NONET<\/p>\n<\/div>\n\n\n\n<div class=\"wp-block-column is-layout-flow wp-block-column-is-layout-flow\">\n<p class=\"has-objektiv-mk-3-font-family\" style=\"margin-top:0;margin-right:0;margin-bottom:0;margin-left:0;padding-top:0;padding-right:0;padding-bottom:0;padding-left:0;font-size:0.7rem\"><mark style=\"background-color:rgba(0, 0, 0, 0);color:#878786\" class=\"has-inline-color\">Budget HTVA\/<\/mark><\/p>\n\n\n\n<p class=\"has-objektiv-mk-3-font-family\" style=\"margin-top:0;margin-right:0;margin-bottom:0;margin-left:0;padding-top:0;padding-right:0;padding-bottom:0;padding-left:0;font-size:0.7rem\">610 000 \u20ac<\/p>\n\n\n\n<div style=\"height:0px\" aria-hidden=\"true\" class=\"wp-block-spacer\"><\/div>\n\n\n\n<p class=\"has-objektiv-mk-3-font-family\" style=\"margin-top:0;margin-right:0;margin-bottom:0;margin-left:0;padding-top:0;padding-right:0;padding-bottom:0;padding-left:0;font-size:0.7rem;font-style:normal;font-weight:400\"><mark style=\"background-color:rgba(0, 0, 0, 0);color:#878786\" class=\"has-inline-color\">R\u00e9alisation \/<\/mark> <\/p>\n\n\n\n<p class=\"has-objektiv-mk-3-font-family\" style=\"margin-top:0;margin-right:0;margin-bottom:0;margin-left:0;padding-top:0;padding-right:0;padding-bottom:0;padding-left:0;font-size:0.7rem;font-style:normal;font-weight:400\">Chantier r\u00e9ceptionn\u00e9 en 2023<\/p>\n\n\n\n<div style=\"height:0px\" aria-hidden=\"true\" class=\"wp-block-spacer\"><\/div>\n\n\n\n<p class=\"has-objektiv-mk-3-font-family\" style=\"margin-top:0;margin-right:0;margin-bottom:0;margin-left:0;padding-top:0;padding-right:0;padding-bottom:0;padding-left:0;font-size:0.7rem;font-style:normal;font-weight:400\"><mark style=\"background-color:rgba(0, 0, 0, 0);color:#878786\" class=\"has-inline-color\">Superficie \/<\/mark> <\/p>\n\n\n\n<p class=\"has-objektiv-mk-3-font-family\" style=\"margin-top:0;margin-right:0;margin-bottom:0;margin-left:0;padding-top:0;padding-right:0;padding-bottom:0;padding-left:0;font-size:0.7rem;font-style:normal;font-weight:400\">5 900 m\u00b2<\/p>\n<\/div>\n<\/div>\n\n\n\n<div style=\"height:5px\" aria-hidden=\"true\" class=\"wp-block-spacer\"><\/div>\n\n\n\n<p class=\"has-objektiv-mk-3-font-family\" style=\"margin-top:0;margin-right:0;margin-bottom:0;margin-left:0;padding-top:0;padding-right:0;padding-bottom:0;padding-left:0;font-size:0.8rem;font-style:normal;font-weight:400\">Dans le programme de r\u00e9novation urbaine de Fosses la ville, la plaine du ruisseau de la Rosi\u00e8re est identifi\u00e9e pour cr\u00e9er une aire de stationnement qui permettra d\u2019une part de s\u00e9curiser les acc\u00e8s aux \u00e9coles et d\u2019autre part de sortir les voitures du centre m\u00e9di\u00e9val \u00e0 deux pas.<\/p>\n\n\n\n<p class=\"has-objektiv-mk-3-font-family\" style=\"margin-top:0;margin-right:0;margin-bottom:0;margin-left:0;padding-top:0;padding-right:0;padding-bottom:0;padding-left:0;font-size:0.8rem;font-style:normal;font-weight:400\"><br>Ce sch\u00e9ma fonctionnel permet aussi de cr\u00e9er une connexion pi\u00e9tonne par une ancienne venelle vers l\u2019espace Winson (p\u00f4le administratif et culturel).<\/p>\n\n\n\n<p class=\"has-objektiv-mk-3-font-family\" style=\"margin-top:0;margin-right:0;margin-bottom:0;margin-left:0;padding-top:0;padding-right:0;padding-bottom:0;padding-left:0;font-size:0.8rem;font-style:normal;font-weight:400\"><br>Plus qu\u2019un am\u00e9nagement technique, il importait de r\u00e9aliser un parking qui respecte l\u2019identit\u00e9 paysag\u00e8re de la prairie humide.<\/p>\n\n\n\n<p class=\"has-objektiv-mk-3-font-family\" style=\"margin-top:0;margin-right:0;margin-bottom:0;margin-left:0;padding-top:0;padding-right:0;padding-bottom:0;padding-left:0;font-size:0.8rem;font-style:normal;font-weight:400\"><br>La composition du projet s\u2019appuie sur le fil du ruisseau en cherchant \u00e0 lui redonner une vraie lisibilit\u00e9 spatiale, une \u00e9paisseur riche d\u2019une diversit\u00e9 \u00e9cologique de zone humide.<\/p>\n\n\n\n<p class=\"has-objektiv-mk-3-font-family\" style=\"margin-top:0;margin-right:0;margin-bottom:0;margin-left:0;padding-top:0;padding-right:0;padding-bottom:0;padding-left:0;font-size:0.8rem;font-style:normal;font-weight:400\"><br>La promenade en bois qui longe la berge permet une r\u00e9appropriation collective de la rivi\u00e8re dans un moment de promenade, de d\u00e9tente et de d\u00e9couverte pour tous les habitants.<\/p>\n\n\n\n<div style=\"height:0px\" aria-hidden=\"true\" class=\"wp-block-spacer\"><\/div>\n\n\n\n<figure class=\"wp-block-image size-large is-resized\"><img loading=\"lazy\" decoding=\"async\" width=\"1024\" height=\"737\" src=\"https:\/\/www.atelierpaysage.be\/wp-content\/uploads\/2023\/12\/Plaine-Rosiere-2-1024x737.jpg\" alt=\"\" class=\"wp-image-1965\" style=\"width:641px\" srcset=\"https:\/\/www.atelierpaysage.be\/wp-content\/uploads\/2023\/12\/Plaine-Rosiere-2-1024x737.jpg 1024w, https:\/\/www.atelierpaysage.be\/wp-content\/uploads\/2023\/12\/Plaine-Rosiere-2-400x288.jpg 400w, https:\/\/www.atelierpaysage.be\/wp-content\/uploads\/2023\/12\/Plaine-Rosiere-2-768x553.jpg 768w, https:\/\/www.atelierpaysage.be\/wp-content\/uploads\/2023\/12\/Plaine-Rosiere-2-1536x1105.jpg 1536w, https:\/\/www.atelierpaysage.be\/wp-content\/uploads\/2023\/12\/Plaine-Rosiere-2.jpg 1939w\" sizes=\"(max-width: 1024px) 100vw, 1024px\" \/><\/figure>\n\n\n\n<div class=\"wp-block-columns is-layout-flex wp-container-core-columns-is-layout-2 wp-block-columns-is-layout-flex\">\n<div class=\"wp-block-column is-layout-flow wp-block-column-is-layout-flow\">\n<figure class=\"wp-block-image size-large is-resized\"><img loading=\"lazy\" decoding=\"async\" width=\"1024\" height=\"737\" src=\"https:\/\/www.atelierpaysage.be\/wp-content\/uploads\/2023\/12\/Plaine-Rosiere-3-1024x737.jpg\" alt=\"\" class=\"wp-image-1966\" style=\"object-fit:cover;width:310px;height:209px\" srcset=\"https:\/\/www.atelierpaysage.be\/wp-content\/uploads\/2023\/12\/Plaine-Rosiere-3-1024x737.jpg 1024w, https:\/\/www.atelierpaysage.be\/wp-content\/uploads\/2023\/12\/Plaine-Rosiere-3-400x288.jpg 400w, https:\/\/www.atelierpaysage.be\/wp-content\/uploads\/2023\/12\/Plaine-Rosiere-3-768x553.jpg 768w, https:\/\/www.atelierpaysage.be\/wp-content\/uploads\/2023\/12\/Plaine-Rosiere-3-1536x1105.jpg 1536w, https:\/\/www.atelierpaysage.be\/wp-content\/uploads\/2023\/12\/Plaine-Rosiere-3.jpg 1939w\" sizes=\"(max-width: 1024px) 100vw, 1024px\" \/><\/figure>\n\n\n\n<figure class=\"wp-block-image size-large is-resized\"><img loading=\"lazy\" decoding=\"async\" width=\"1024\" height=\"737\" src=\"https:\/\/www.atelierpaysage.be\/wp-content\/uploads\/2023\/12\/Plaine-Rosiere-5-1024x737.jpg\" alt=\"\" class=\"wp-image-1963\" style=\"object-fit:cover;width:310px;height:209px\" srcset=\"https:\/\/www.atelierpaysage.be\/wp-content\/uploads\/2023\/12\/Plaine-Rosiere-5-1024x737.jpg 1024w, https:\/\/www.atelierpaysage.be\/wp-content\/uploads\/2023\/12\/Plaine-Rosiere-5-400x288.jpg 400w, https:\/\/www.atelierpaysage.be\/wp-content\/uploads\/2023\/12\/Plaine-Rosiere-5-768x553.jpg 768w, https:\/\/www.atelierpaysage.be\/wp-content\/uploads\/2023\/12\/Plaine-Rosiere-5-1536x1105.jpg 1536w, https:\/\/www.atelierpaysage.be\/wp-content\/uploads\/2023\/12\/Plaine-Rosiere-5.jpg 1939w\" sizes=\"(max-width: 1024px) 100vw, 1024px\" \/><\/figure>\n<\/div>\n\n\n\n<div class=\"wp-block-column is-layout-flow wp-block-column-is-layout-flow\">\n<figure class=\"wp-block-image size-large is-resized\"><img loading=\"lazy\" decoding=\"async\" width=\"737\" height=\"1024\" src=\"https:\/\/www.atelierpaysage.be\/wp-content\/uploads\/2023\/12\/Plaine-Rosiere-4-737x1024.jpg\" alt=\"\" class=\"wp-image-1968\" style=\"object-fit:cover;width:310px;height:443px\" srcset=\"https:\/\/www.atelierpaysage.be\/wp-content\/uploads\/2023\/12\/Plaine-Rosiere-4-737x1024.jpg 737w, https:\/\/www.atelierpaysage.be\/wp-content\/uploads\/2023\/12\/Plaine-Rosiere-4-288x400.jpg 288w, https:\/\/www.atelierpaysage.be\/wp-content\/uploads\/2023\/12\/Plaine-Rosiere-4-768x1067.jpg 768w, https:\/\/www.atelierpaysage.be\/wp-content\/uploads\/2023\/12\/Plaine-Rosiere-4-1105x1536.jpg 1105w, https:\/\/www.atelierpaysage.be\/wp-content\/uploads\/2023\/12\/Plaine-Rosiere-4-rotated.jpg 1395w\" sizes=\"(max-width: 737px) 100vw, 737px\" \/><\/figure>\n<\/div>\n<\/div>\n\n\n\n<figure class=\"wp-block-image size-large is-resized\"><img loading=\"lazy\" decoding=\"async\" width=\"1024\" height=\"737\" src=\"https:\/\/www.atelierpaysage.be\/wp-content\/uploads\/2023\/12\/FLV-rosiere-coupe-1024x737.jpg\" alt=\"\" class=\"wp-image-1972\" style=\"width:641px\" srcset=\"https:\/\/www.atelierpaysage.be\/wp-content\/uploads\/2023\/12\/FLV-rosiere-coupe-1024x737.jpg 1024w, https:\/\/www.atelierpaysage.be\/wp-content\/uploads\/2023\/12\/FLV-rosiere-coupe-400x288.jpg 400w, https:\/\/www.atelierpaysage.be\/wp-content\/uploads\/2023\/12\/FLV-rosiere-coupe-768x553.jpg 768w, https:\/\/www.atelierpaysage.be\/wp-content\/uploads\/2023\/12\/FLV-rosiere-coupe-1536x1105.jpg 1536w, https:\/\/www.atelierpaysage.be\/wp-content\/uploads\/2023\/12\/FLV-rosiere-coupe.jpg 1939w\" sizes=\"(max-width: 1024px) 100vw, 1024px\" \/><\/figure>\n\n\n\n<figure class=\"wp-block-image size-large is-resized\"><img loading=\"lazy\" decoding=\"async\" width=\"1024\" height=\"737\" src=\"https:\/\/www.atelierpaysage.be\/wp-content\/uploads\/2023\/12\/Plaine-Rosiere-6-1024x737.jpg\" alt=\"\" class=\"wp-image-1969\" style=\"width:641px\" srcset=\"https:\/\/www.atelierpaysage.be\/wp-content\/uploads\/2023\/12\/Plaine-Rosiere-6-1024x737.jpg 1024w, https:\/\/www.atelierpaysage.be\/wp-content\/uploads\/2023\/12\/Plaine-Rosiere-6-400x288.jpg 400w, https:\/\/www.atelierpaysage.be\/wp-content\/uploads\/2023\/12\/Plaine-Rosiere-6-768x553.jpg 768w, https:\/\/www.atelierpaysage.be\/wp-content\/uploads\/2023\/12\/Plaine-Rosiere-6-1536x1105.jpg 1536w, https:\/\/www.atelierpaysage.be\/wp-content\/uploads\/2023\/12\/Plaine-Rosiere-6.jpg 1939w\" sizes=\"(max-width: 1024px) 100vw, 1024px\" \/><\/figure>\n","protected":false},"excerpt":{"rendered":"<p>Cr\u00e9ation d\u2019un parking paysager et de parcours urbains Maitre d&rsquo;ouvrage \/ Commune de Fosses-La-Ville Auteur de projet \/ BEP \/ XMU \/ ATELIER PAYSAGE srl Entreprise \/ NONET Budget HTVA\/ 610 000 \u20ac R\u00e9alisation \/ Chantier r\u00e9ceptionn\u00e9 en 2023 Superficie \/ 5 900 m\u00b2 Dans le programme de r\u00e9novation urbaine de Fosses la ville, la [&hellip;]<\/p>\n","protected":false},"author":4,"featured_media":1964,"comment_status":"closed","ping_status":"closed","sticky":false,"template":"page-without-title","format":"standard","meta":{"footnotes":""},"categories":[38,11,37],"tags":[],"class_list":["post-910","post","type-post","status-publish","format-standard","has-post-thumbnail","hentry","category-liaisons-pietonnes","category-parcs-publics","category-rivieres-et-plaines"],"_links":{"self":[{"href":"https:\/\/www.atelierpaysage.be\/index.php?rest_route=\/wp\/v2\/posts\/910"}],"collection":[{"href":"https:\/\/www.atelierpaysage.be\/index.php?rest_route=\/wp\/v2\/posts"}],"about":[{"href":"https:\/\/www.atelierpaysage.be\/index.php?rest_route=\/wp\/v2\/types\/post"}],"author":[{"embeddable":true,"href":"https:\/\/www.atelierpaysage.be\/index.php?rest_route=\/wp\/v2\/users\/4"}],"replies":[{"embeddable":true,"href":"https:\/\/www.atelierpaysage.be\/index.php?rest_route=%2Fwp%2Fv2%2Fcomments&post=910"}],"version-history":[{"count":17,"href":"https:\/\/www.atelierpaysage.be\/index.php?rest_route=\/wp\/v2\/posts\/910\/revisions"}],"predecessor-version":[{"id":2428,"href":"https:\/\/www.atelierpaysage.be\/index.php?rest_route=\/wp\/v2\/posts\/910\/revisions\/2428"}],"wp:featuredmedia":[{"embeddable":true,"href":"https:\/\/www.atelierpaysage.be\/index.php?rest_route=\/wp\/v2\/media\/1964"}],"wp:attachment":[{"href":"https:\/\/www.atelierpaysage.be\/index.php?rest_route=%2Fwp%2Fv2%2Fmedia&parent=910"}],"wp:term":[{"taxonomy":"category","embeddable":true,"href":"https:\/\/www.atelierpaysage.be\/index.php?rest_route=%2Fwp%2Fv2%2Fcategories&post=910"},{"taxonomy":"post_tag","embeddable":true,"href":"https:\/\/www.atelierpaysage.be\/index.php?rest_route=%2Fwp%2Fv2%2Ftags&post=910"}],"curies":[{"name":"wp","href":"https:\/\/api.w.org\/{rel}","templated":true}]}}