{"id":922,"date":"2024-08-06T12:00:00","date_gmt":"2024-08-06T10:00:00","guid":{"rendered":"https:\/\/www.atelierpaysage.be\/?p=922"},"modified":"2025-06-26T12:11:44","modified_gmt":"2025-06-26T10:11:44","slug":"parc-de-lhydrion","status":"publish","type":"post","link":"https:\/\/www.atelierpaysage.be\/?p=922","title":{"rendered":"Parc de l&rsquo;Hydrion"},"content":{"rendered":"<h2 style=\"color:#93a1a8; font-size:1.6rem;font-style:normal;font-weight:500;line-height:1;text-transform:uppercase; padding-top:0;padding-bottom:0;padding-left:0;padding-right:0;margin-top:0;margin-bottom:0;margin-left:0;margin-right:0;\" class=\"has-link-color wp-elements-c9f73867aeedce35636f824e3c3f72cf wp-block-post-title has-text-color has-objektiv-mk-3-font-family\">Parc de l&rsquo;Hydrion<\/h2>\n\n\n<div style=\"height:20px\" aria-hidden=\"true\" class=\"wp-block-spacer\"><\/div>\n\n\n\n<p class=\"has-objektiv-mk-3-font-family\" style=\"margin-top:0;margin-right:0;margin-bottom:0;margin-left:0;padding-top:0;padding-right:0;padding-bottom:0;padding-left:0;font-size:0.9rem;font-style:normal;font-weight:500;line-height:1.5;text-transform:uppercase\">VALORISATION D\u2019UNE PLAINE HUMIDE SEMI-NATURELLE&nbsp;ET CREATION D\u2019UN PARC URBAIN RECREATIF AUX PORTES D\u2019ARLON<\/p>\n\n\n\n<div style=\"height:0px\" aria-hidden=\"true\" class=\"wp-block-spacer\"><\/div>\n\n\n\n<figure class=\"wp-block-image size-full is-resized\"><img loading=\"lazy\" decoding=\"async\" width=\"1748\" height=\"1240\" src=\"http:\/\/www.atelierpaysage.be\/wp-content\/uploads\/2024\/08\/Arlon-1-1.jpg\" alt=\"\" class=\"wp-image-2535\" style=\"width:641px\" srcset=\"https:\/\/www.atelierpaysage.be\/wp-content\/uploads\/2024\/08\/Arlon-1-1.jpg 1748w, https:\/\/www.atelierpaysage.be\/wp-content\/uploads\/2024\/08\/Arlon-1-1-400x284.jpg 400w, https:\/\/www.atelierpaysage.be\/wp-content\/uploads\/2024\/08\/Arlon-1-1-1024x726.jpg 1024w, https:\/\/www.atelierpaysage.be\/wp-content\/uploads\/2024\/08\/Arlon-1-1-768x545.jpg 768w, https:\/\/www.atelierpaysage.be\/wp-content\/uploads\/2024\/08\/Arlon-1-1-1536x1090.jpg 1536w\" sizes=\"(max-width: 1748px) 100vw, 1748px\" \/><\/figure>\n\n\n\n<div class=\"wp-block-columns is-layout-flex wp-container-core-columns-is-layout-1 wp-block-columns-is-layout-flex\">\n<div class=\"wp-block-column is-layout-flow wp-block-column-is-layout-flow\"><div style=\"font-size:0.7rem;font-style:normal;font-weight:400\" class=\"taxonomy-category wp-block-post-terms has-objektiv-mk-3-font-family\"><a href=\"https:\/\/www.atelierpaysage.be\/?cat=16\" rel=\"tag\">Jeux et sports<\/a><span class=\"wp-block-post-terms__separator\">&#010;<\/span><a href=\"https:\/\/www.atelierpaysage.be\/?cat=38\" rel=\"tag\">Liaisons pi\u00e9tonnes<\/a><span class=\"wp-block-post-terms__separator\">&#010;<\/span><a href=\"https:\/\/www.atelierpaysage.be\/?cat=11\" rel=\"tag\">Parcs publics<\/a><span class=\"wp-block-post-terms__separator\">&#010;<\/span><a href=\"https:\/\/www.atelierpaysage.be\/?cat=37\" rel=\"tag\">Rivi\u00e8res et plaines<\/a><\/div><\/div>\n\n\n\n<div class=\"wp-block-column is-layout-flow wp-block-column-is-layout-flow\">\n<p class=\"has-objektiv-mk-3-font-family\" style=\"margin-top:0;margin-right:0;margin-bottom:0;margin-left:0;padding-top:0;padding-right:0;padding-bottom:0;padding-left:0;font-size:0.7rem;font-style:normal;font-weight:400\"><mark style=\"background-color:rgba(0, 0, 0, 0);color:#878786\" class=\"has-inline-color\">Maitre d&rsquo;ouvrage \/<\/mark> <\/p>\n\n\n\n<p class=\"has-objektiv-mk-3-font-family\" style=\"margin-top:0;margin-right:0;margin-bottom:0;margin-left:0;padding-top:0;padding-right:0;padding-bottom:0;padding-left:0;font-size:0.7rem;font-style:normal;font-weight:400\">Ville d&rsquo;Arlon \/ IDELUX AMO<\/p>\n\n\n\n<div style=\"height:0px\" aria-hidden=\"true\" class=\"wp-block-spacer\"><\/div>\n\n\n\n<p class=\"has-objektiv-mk-3-font-family\" style=\"margin-top:0;margin-right:0;margin-bottom:0;margin-left:0;padding-top:0;padding-right:0;padding-bottom:0;padding-left:0;font-size:0.7rem;font-style:normal;font-weight:400\"><mark style=\"background-color:rgba(0, 0, 0, 0);color:#878786\" class=\"has-inline-color\">Auteur de projet \/ <\/mark><\/p>\n\n\n\n<p class=\"has-objektiv-mk-3-font-family\" style=\"margin-top:0;margin-right:0;margin-bottom:0;margin-left:0;padding-top:0;padding-right:0;padding-bottom:0;padding-left:0;font-size:0.7rem;font-style:normal;font-weight:400\">Arcadis \/ ATELIER PAYSAGE srl<\/p>\n<\/div>\n\n\n\n<div class=\"wp-block-column is-layout-flow wp-block-column-is-layout-flow\">\n<p class=\"has-objektiv-mk-3-font-family\" style=\"margin-top:0;margin-right:0;margin-bottom:0;margin-left:0;padding-top:0;padding-right:0;padding-bottom:0;padding-left:0;font-size:0.7rem\"><mark style=\"background-color:rgba(0, 0, 0, 0);color:#878786\" class=\"has-inline-color\">Budget HTVA \/<\/mark><\/p>\n\n\n\n<p class=\"has-objektiv-mk-3-font-family\" style=\"margin-top:0;margin-right:0;margin-bottom:0;margin-left:0;padding-top:0;padding-right:0;padding-bottom:0;padding-left:0;font-size:0.7rem\">3 200 000 \u20ac<\/p>\n\n\n\n<div style=\"height:0px\" aria-hidden=\"true\" class=\"wp-block-spacer\"><\/div>\n\n\n\n<p class=\"has-objektiv-mk-3-font-family\" style=\"margin-top:0;margin-right:0;margin-bottom:0;margin-left:0;padding-top:0;padding-right:0;padding-bottom:0;padding-left:0;font-size:0.7rem;font-style:normal;font-weight:400\"><mark style=\"background-color:rgba(0, 0, 0, 0);color:#878786\" class=\"has-inline-color\">R\u00e9alisation \/<\/mark> <\/p>\n\n\n\n<p class=\"has-objektiv-mk-3-font-family\" style=\"margin-top:0;margin-right:0;margin-bottom:0;margin-left:0;padding-top:0;padding-right:0;padding-bottom:0;padding-left:0;font-size:0.7rem;font-style:normal;font-weight:400\">Adjudication de travaux en cours<\/p>\n\n\n\n<div style=\"height:0px\" aria-hidden=\"true\" class=\"wp-block-spacer\"><\/div>\n\n\n\n<p class=\"has-objektiv-mk-3-font-family\" style=\"margin-top:0;margin-right:0;margin-bottom:0;margin-left:0;padding-top:0;padding-right:0;padding-bottom:0;padding-left:0;font-size:0.7rem;font-style:normal;font-weight:400\"><mark style=\"background-color:rgba(0, 0, 0, 0);color:#878786\" class=\"has-inline-color\">Superficie \/<\/mark> <\/p>\n\n\n\n<p class=\"has-objektiv-mk-3-font-family\" style=\"margin-top:0;margin-right:0;margin-bottom:0;margin-left:0;padding-top:0;padding-right:0;padding-bottom:0;padding-left:0;font-size:0.7rem;font-style:normal;font-weight:400\">27 ha<\/p>\n<\/div>\n<\/div>\n\n\n\n<div style=\"height:0px\" aria-hidden=\"true\" class=\"wp-block-spacer\"><\/div>\n\n\n\n<p class=\"has-objektiv-mk-3-font-family\" style=\"margin-top:0;margin-right:0;margin-bottom:0;margin-left:0;padding-top:var(--wp--preset--spacing--20);padding-right:0;padding-bottom:var(--wp--preset--spacing--20);padding-left:0;font-size:0.8rem;font-style:normal;font-weight:400\">Ce projet int\u00e8gre des enjeux \u00e9cologiques et hydrologiques tout en offrant aux citoyens un parc r\u00e9cr\u00e9atif \u00e0 quelques enjamb\u00e9es du centre-ville.<\/p>\n\n\n\n<p class=\"has-objektiv-mk-3-font-family\" style=\"margin-top:0;margin-right:0;margin-bottom:0;margin-left:0;padding-top:var(--wp--preset--spacing--20);padding-right:0;padding-bottom:var(--wp--preset--spacing--20);padding-left:0;font-size:0.8rem;font-style:normal;font-weight:400\">Le site qui s\u2019\u00e9tend sur 27 ha est compos\u00e9 d\u2019une for\u00eat, de landes s\u00e8ches et de vastes zones humides le long de la Semois, \u00e0 quelques pas de sa source. Cette mosa\u00efque de milieux naturels ouverts et ferm\u00e9s ainsi que leurs \u00e9cotones re\u00e7oivent des mesures de restauration et de gestion extensive.<\/p>\n\n\n\n<p class=\"has-objektiv-mk-3-font-family\" style=\"margin-top:0;margin-right:0;margin-bottom:0;margin-left:0;padding-top:var(--wp--preset--spacing--20);padding-right:0;padding-bottom:var(--wp--preset--spacing--20);padding-left:0;font-size:0.8rem;font-style:normal;font-weight:400\">Sur ce socle-paysage renforc\u00e9, le projet se d\u00e9veloppe autour de trois axes : la lutte contre les inondations, la mobilit\u00e9 douce et la cr\u00e9ation d\u2019un parc public.<\/p>\n\n\n\n<p class=\"has-objektiv-mk-3-font-family\" style=\"margin-top:0;margin-right:0;margin-bottom:0;margin-left:0;padding-top:var(--wp--preset--spacing--20);padding-right:0;padding-bottom:var(--wp--preset--spacing--20);padding-left:0;font-size:0.8rem;font-style:normal;font-weight:400\">La zone humide des castors est pr\u00e9serv\u00e9e.&nbsp; La rivi\u00e8re, des mares et des foss\u00e9s contribuent \u00e0 la vari\u00e9t\u00e9 de milieux humides. De nouveaux ouvrages hydrauliques assurent une zone d\u2019immersion temporaire de pr\u00e8s de 16000 m\u00b3 g\u00e9r\u00e9e en \u00e9co-p\u00e2turage.<\/p>\n\n\n\n<p class=\"has-objektiv-mk-3-font-family\" style=\"margin-top:0;margin-right:0;margin-bottom:0;margin-left:0;padding-top:var(--wp--preset--spacing--20);padding-right:0;padding-bottom:var(--wp--preset--spacing--20);padding-left:0;font-size:0.8rem;font-style:normal;font-weight:400\">Un chemin et une passerelle cyclo-pi\u00e9tonne relient le site sportif de l\u2019adeps et le centre culturel. De nombreux sentiers pi\u00e9tons sont r\u00e9alis\u00e9s pour compl\u00e9ter le maillage entre les campagnes et le centre-ville.<\/p>\n\n\n\n<p class=\"has-objektiv-mk-3-font-family\" style=\"margin-top:0;margin-right:0;margin-bottom:0;margin-left:0;padding-top:var(--wp--preset--spacing--20);padding-right:0;padding-bottom:var(--wp--preset--spacing--20);padding-left:0;font-size:0.8rem;font-style:normal;font-weight:400\">Dans le prolongement urbain, une zone r\u00e9cr\u00e9ative combine des aires de jeux, de rencontre et de d\u00e9tente pour tous.<\/p>\n\n\n\n<div style=\"height:0px\" aria-hidden=\"true\" class=\"wp-block-spacer\"><\/div>\n\n\n\n<figure class=\"wp-block-image size-large is-resized\"><img loading=\"lazy\" decoding=\"async\" width=\"1024\" height=\"726\" src=\"http:\/\/www.atelierpaysage.be\/wp-content\/uploads\/2024\/08\/Arlon-3-1024x726.jpg\" alt=\"\" class=\"wp-image-2531\" style=\"width:641px\" srcset=\"https:\/\/www.atelierpaysage.be\/wp-content\/uploads\/2024\/08\/Arlon-3-1024x726.jpg 1024w, https:\/\/www.atelierpaysage.be\/wp-content\/uploads\/2024\/08\/Arlon-3-400x284.jpg 400w, https:\/\/www.atelierpaysage.be\/wp-content\/uploads\/2024\/08\/Arlon-3-768x545.jpg 768w, https:\/\/www.atelierpaysage.be\/wp-content\/uploads\/2024\/08\/Arlon-3-1536x1090.jpg 1536w, https:\/\/www.atelierpaysage.be\/wp-content\/uploads\/2024\/08\/Arlon-3.jpg 1748w\" sizes=\"(max-width: 1024px) 100vw, 1024px\" \/><\/figure>\n\n\n\n<div class=\"wp-block-columns is-layout-flex wp-container-core-columns-is-layout-2 wp-block-columns-is-layout-flex\">\n<div class=\"wp-block-column is-layout-flow wp-block-column-is-layout-flow\">\n<figure class=\"wp-block-image size-large is-resized\"><img loading=\"lazy\" decoding=\"async\" width=\"737\" height=\"1024\" src=\"https:\/\/www.atelierpaysage.be\/wp-content\/uploads\/2023\/12\/Arlon-Hydrion-Photo-3-737x1024.jpg\" alt=\"\" class=\"wp-image-1924\" style=\"object-fit:cover;width:310px;height:443px\" srcset=\"https:\/\/www.atelierpaysage.be\/wp-content\/uploads\/2023\/12\/Arlon-Hydrion-Photo-3-737x1024.jpg 737w, https:\/\/www.atelierpaysage.be\/wp-content\/uploads\/2023\/12\/Arlon-Hydrion-Photo-3-288x400.jpg 288w, https:\/\/www.atelierpaysage.be\/wp-content\/uploads\/2023\/12\/Arlon-Hydrion-Photo-3-768x1067.jpg 768w, https:\/\/www.atelierpaysage.be\/wp-content\/uploads\/2023\/12\/Arlon-Hydrion-Photo-3-1105x1536.jpg 1105w, https:\/\/www.atelierpaysage.be\/wp-content\/uploads\/2023\/12\/Arlon-Hydrion-Photo-3-rotated.jpg 1395w\" sizes=\"(max-width: 737px) 100vw, 737px\" \/><\/figure>\n<\/div>\n\n\n\n<div class=\"wp-block-column is-layout-flow wp-block-column-is-layout-flow\">\n<figure class=\"wp-block-image size-full is-resized\"><img loading=\"lazy\" decoding=\"async\" width=\"1939\" height=\"1395\" src=\"https:\/\/www.atelierpaysage.be\/wp-content\/uploads\/2023\/12\/Arlon-Hydrion-Photo-2.jpg\" alt=\"\" class=\"wp-image-1923\" style=\"object-fit:cover;width:310px;height:209px\" srcset=\"https:\/\/www.atelierpaysage.be\/wp-content\/uploads\/2023\/12\/Arlon-Hydrion-Photo-2.jpg 1939w, https:\/\/www.atelierpaysage.be\/wp-content\/uploads\/2023\/12\/Arlon-Hydrion-Photo-2-400x288.jpg 400w, https:\/\/www.atelierpaysage.be\/wp-content\/uploads\/2023\/12\/Arlon-Hydrion-Photo-2-1024x737.jpg 1024w, https:\/\/www.atelierpaysage.be\/wp-content\/uploads\/2023\/12\/Arlon-Hydrion-Photo-2-768x553.jpg 768w, https:\/\/www.atelierpaysage.be\/wp-content\/uploads\/2023\/12\/Arlon-Hydrion-Photo-2-1536x1105.jpg 1536w\" sizes=\"(max-width: 1939px) 100vw, 1939px\" \/><\/figure>\n\n\n\n<figure class=\"wp-block-image size-full is-resized\"><img loading=\"lazy\" decoding=\"async\" width=\"1939\" height=\"1395\" src=\"https:\/\/www.atelierpaysage.be\/wp-content\/uploads\/2023\/12\/Arlon-Hydrion-Photo-1.jpg\" alt=\"\" class=\"wp-image-1922\" style=\"object-fit:cover;width:310px;height:209px\" srcset=\"https:\/\/www.atelierpaysage.be\/wp-content\/uploads\/2023\/12\/Arlon-Hydrion-Photo-1.jpg 1939w, https:\/\/www.atelierpaysage.be\/wp-content\/uploads\/2023\/12\/Arlon-Hydrion-Photo-1-400x288.jpg 400w, https:\/\/www.atelierpaysage.be\/wp-content\/uploads\/2023\/12\/Arlon-Hydrion-Photo-1-1024x737.jpg 1024w, https:\/\/www.atelierpaysage.be\/wp-content\/uploads\/2023\/12\/Arlon-Hydrion-Photo-1-768x553.jpg 768w, https:\/\/www.atelierpaysage.be\/wp-content\/uploads\/2023\/12\/Arlon-Hydrion-Photo-1-1536x1105.jpg 1536w\" sizes=\"(max-width: 1939px) 100vw, 1939px\" \/><\/figure>\n<\/div>\n<\/div>\n\n\n\n<div style=\"height:0px\" aria-hidden=\"true\" class=\"wp-block-spacer\"><\/div>\n\n\n\n<figure class=\"wp-block-image size-large is-resized\"><img loading=\"lazy\" decoding=\"async\" width=\"1024\" height=\"726\" src=\"http:\/\/www.atelierpaysage.be\/wp-content\/uploads\/2024\/08\/Arlon-2-1024x726.jpg\" alt=\"\" class=\"wp-image-2530\" style=\"width:641px\" srcset=\"https:\/\/www.atelierpaysage.be\/wp-content\/uploads\/2024\/08\/Arlon-2-1024x726.jpg 1024w, https:\/\/www.atelierpaysage.be\/wp-content\/uploads\/2024\/08\/Arlon-2-400x284.jpg 400w, https:\/\/www.atelierpaysage.be\/wp-content\/uploads\/2024\/08\/Arlon-2-768x545.jpg 768w, https:\/\/www.atelierpaysage.be\/wp-content\/uploads\/2024\/08\/Arlon-2-1536x1090.jpg 1536w, https:\/\/www.atelierpaysage.be\/wp-content\/uploads\/2024\/08\/Arlon-2.jpg 1748w\" sizes=\"(max-width: 1024px) 100vw, 1024px\" \/><\/figure>\n\n\n\n<figure class=\"wp-block-image size-large is-resized\"><img loading=\"lazy\" decoding=\"async\" width=\"1024\" height=\"726\" src=\"http:\/\/www.atelierpaysage.be\/wp-content\/uploads\/2024\/08\/Arlon-4-1024x726.jpg\" alt=\"\" class=\"wp-image-2532\" style=\"width:641px\" srcset=\"https:\/\/www.atelierpaysage.be\/wp-content\/uploads\/2024\/08\/Arlon-4-1024x726.jpg 1024w, https:\/\/www.atelierpaysage.be\/wp-content\/uploads\/2024\/08\/Arlon-4-400x284.jpg 400w, https:\/\/www.atelierpaysage.be\/wp-content\/uploads\/2024\/08\/Arlon-4-768x545.jpg 768w, https:\/\/www.atelierpaysage.be\/wp-content\/uploads\/2024\/08\/Arlon-4-1536x1090.jpg 1536w, https:\/\/www.atelierpaysage.be\/wp-content\/uploads\/2024\/08\/Arlon-4.jpg 1748w\" sizes=\"(max-width: 1024px) 100vw, 1024px\" \/><\/figure>\n\n\n\n<figure class=\"wp-block-image size-large is-resized\"><img loading=\"lazy\" decoding=\"async\" width=\"1024\" height=\"737\" src=\"http:\/\/www.atelierpaysage.be\/wp-content\/uploads\/2023\/12\/Arlon-Hydrion-Axono-1024x737.jpg\" alt=\"\" class=\"wp-image-1921\" style=\"width:641px\" srcset=\"https:\/\/www.atelierpaysage.be\/wp-content\/uploads\/2023\/12\/Arlon-Hydrion-Axono-1024x737.jpg 1024w, https:\/\/www.atelierpaysage.be\/wp-content\/uploads\/2023\/12\/Arlon-Hydrion-Axono-400x288.jpg 400w, https:\/\/www.atelierpaysage.be\/wp-content\/uploads\/2023\/12\/Arlon-Hydrion-Axono-768x553.jpg 768w, https:\/\/www.atelierpaysage.be\/wp-content\/uploads\/2023\/12\/Arlon-Hydrion-Axono-1536x1105.jpg 1536w, https:\/\/www.atelierpaysage.be\/wp-content\/uploads\/2023\/12\/Arlon-Hydrion-Axono.jpg 1939w\" sizes=\"(max-width: 1024px) 100vw, 1024px\" \/><\/figure>\n","protected":false},"excerpt":{"rendered":"<p>VALORISATION D\u2019UNE PLAINE HUMIDE SEMI-NATURELLE&nbsp;ET CREATION D\u2019UN PARC URBAIN RECREATIF AUX PORTES D\u2019ARLON Maitre d&rsquo;ouvrage \/ Ville d&rsquo;Arlon \/ IDELUX AMO Auteur de projet \/ Arcadis \/ ATELIER PAYSAGE srl Budget HTVA \/ 3 200 000 \u20ac R\u00e9alisation \/ Adjudication de travaux en cours Superficie \/ 27 ha Ce projet int\u00e8gre des enjeux \u00e9cologiques et [&hellip;]<\/p>\n","protected":false},"author":4,"featured_media":2535,"comment_status":"closed","ping_status":"closed","sticky":false,"template":"page-without-title","format":"standard","meta":{"footnotes":""},"categories":[16,38,11,37],"tags":[],"class_list":["post-922","post","type-post","status-publish","format-standard","has-post-thumbnail","hentry","category-jeux-et-sports","category-liaisons-pietonnes","category-parcs-publics","category-rivieres-et-plaines"],"_links":{"self":[{"href":"https:\/\/www.atelierpaysage.be\/index.php?rest_route=\/wp\/v2\/posts\/922"}],"collection":[{"href":"https:\/\/www.atelierpaysage.be\/index.php?rest_route=\/wp\/v2\/posts"}],"about":[{"href":"https:\/\/www.atelierpaysage.be\/index.php?rest_route=\/wp\/v2\/types\/post"}],"author":[{"embeddable":true,"href":"https:\/\/www.atelierpaysage.be\/index.php?rest_route=\/wp\/v2\/users\/4"}],"replies":[{"embeddable":true,"href":"https:\/\/www.atelierpaysage.be\/index.php?rest_route=%2Fwp%2Fv2%2Fcomments&post=922"}],"version-history":[{"count":24,"href":"https:\/\/www.atelierpaysage.be\/index.php?rest_route=\/wp\/v2\/posts\/922\/revisions"}],"predecessor-version":[{"id":2536,"href":"https:\/\/www.atelierpaysage.be\/index.php?rest_route=\/wp\/v2\/posts\/922\/revisions\/2536"}],"wp:featuredmedia":[{"embeddable":true,"href":"https:\/\/www.atelierpaysage.be\/index.php?rest_route=\/wp\/v2\/media\/2535"}],"wp:attachment":[{"href":"https:\/\/www.atelierpaysage.be\/index.php?rest_route=%2Fwp%2Fv2%2Fmedia&parent=922"}],"wp:term":[{"taxonomy":"category","embeddable":true,"href":"https:\/\/www.atelierpaysage.be\/index.php?rest_route=%2Fwp%2Fv2%2Fcategories&post=922"},{"taxonomy":"post_tag","embeddable":true,"href":"https:\/\/www.atelierpaysage.be\/index.php?rest_route=%2Fwp%2Fv2%2Ftags&post=922"}],"curies":[{"name":"wp","href":"https:\/\/api.w.org\/{rel}","templated":true}]}}