{"id":989,"date":"2024-08-06T03:00:00","date_gmt":"2024-08-06T01:00:00","guid":{"rendered":"https:\/\/www.atelierpaysage.be\/?p=989"},"modified":"2024-09-09T16:55:56","modified_gmt":"2024-09-09T14:55:56","slug":"ecole-de-lontzen","status":"publish","type":"post","link":"https:\/\/www.atelierpaysage.be\/?p=989","title":{"rendered":"Ecole d&rsquo;Herbesthal"},"content":{"rendered":"<h2 style=\"color:#b0c5ac; font-size:1.6rem;font-style:normal;font-weight:400;line-height:1;text-transform:uppercase; padding-top:0;padding-bottom:0;padding-left:0;padding-right:0;margin-top:0;margin-bottom:0;margin-left:0;margin-right:0;\" class=\"has-link-color wp-elements-fbd63f93b11a83175fb32830a9c525f8 wp-block-post-title has-text-color has-objektiv-mk-3-font-family\">Ecole d&rsquo;Herbesthal<\/h2>\n\n\n<div style=\"height:20px\" aria-hidden=\"true\" class=\"wp-block-spacer\"><\/div>\n\n\n\n<p class=\"has-objektiv-mk-3-font-family\" style=\"margin-top:0;margin-right:0;margin-bottom:0;margin-left:0;padding-top:0;padding-right:0;padding-bottom:0;padding-left:0;font-size:0.9rem;font-style:normal;font-weight:500;line-height:1.5;text-transform:uppercase\">cr\u00e9ation d&rsquo;une \u00e9cole maternelle et primaire \u00e0 lontzen<\/p>\n\n\n\n<div style=\"height:0px\" aria-hidden=\"true\" class=\"wp-block-spacer\"><\/div>\n\n\n\n<figure class=\"wp-block-image size-full is-resized\"><img loading=\"lazy\" decoding=\"async\" width=\"1748\" height=\"1080\" src=\"https:\/\/www.atelierpaysage.be\/wp-content\/uploads\/2024\/01\/AtelierPaysage_Ecole_Lontzen_0.jpg\" alt=\"\" class=\"wp-image-1390\" style=\"width:641px\" srcset=\"https:\/\/www.atelierpaysage.be\/wp-content\/uploads\/2024\/01\/AtelierPaysage_Ecole_Lontzen_0.jpg 1748w, https:\/\/www.atelierpaysage.be\/wp-content\/uploads\/2024\/01\/AtelierPaysage_Ecole_Lontzen_0-400x247.jpg 400w, https:\/\/www.atelierpaysage.be\/wp-content\/uploads\/2024\/01\/AtelierPaysage_Ecole_Lontzen_0-1024x633.jpg 1024w, https:\/\/www.atelierpaysage.be\/wp-content\/uploads\/2024\/01\/AtelierPaysage_Ecole_Lontzen_0-768x475.jpg 768w, https:\/\/www.atelierpaysage.be\/wp-content\/uploads\/2024\/01\/AtelierPaysage_Ecole_Lontzen_0-1536x949.jpg 1536w\" sizes=\"(max-width: 1748px) 100vw, 1748px\" \/><\/figure>\n\n\n\n<div class=\"wp-block-columns is-layout-flex wp-container-core-columns-is-layout-1 wp-block-columns-is-layout-flex\">\n<div class=\"wp-block-column is-layout-flow wp-block-column-is-layout-flow\"><div style=\"font-size:0.7rem;font-style:normal;font-weight:400\" class=\"taxonomy-category wp-block-post-terms has-objektiv-mk-3-font-family\"><a href=\"https:\/\/www.atelierpaysage.be\/?cat=40\" rel=\"tag\">\u00c9coles et cr\u00e8ches<\/a><span class=\"wp-block-post-terms__separator\">&#010;<\/span><a href=\"https:\/\/www.atelierpaysage.be\/?cat=16\" rel=\"tag\">Jeux et sports<\/a><span class=\"wp-block-post-terms__separator\">&#010;<\/span><a href=\"https:\/\/www.atelierpaysage.be\/?cat=38\" rel=\"tag\">Liaisons pi\u00e9tonnes<\/a><\/div><\/div>\n\n\n\n<div class=\"wp-block-column is-layout-flow wp-block-column-is-layout-flow\">\n<p class=\"has-objektiv-mk-3-font-family\" style=\"margin-top:0;margin-right:0;margin-bottom:0;margin-left:0;padding-top:0;padding-right:0;padding-bottom:0;padding-left:0;font-size:0.7rem;font-style:normal;font-weight:400\"><mark style=\"background-color:rgba(0, 0, 0, 0);color:#878786\" class=\"has-inline-color\">Maitre d&rsquo;ouvrage \/<\/mark> <\/p>\n\n\n\n<p class=\"has-objektiv-mk-3-font-family\" style=\"margin-top:0;margin-right:0;margin-bottom:0;margin-left:0;padding-top:0;padding-right:0;padding-bottom:0;padding-left:0;font-size:0.7rem;font-style:normal;font-weight:400\">Commune de Lontzen<\/p>\n\n\n\n<div style=\"height:0px\" aria-hidden=\"true\" class=\"wp-block-spacer\"><\/div>\n\n\n\n<p class=\"has-objektiv-mk-3-font-family\" style=\"margin-top:0;margin-right:0;margin-bottom:0;margin-left:0;padding-top:0;padding-right:0;padding-bottom:0;padding-left:0;font-size:0.7rem;font-style:normal;font-weight:400\"><mark style=\"background-color:rgba(0, 0, 0, 0);color:#878786\" class=\"has-inline-color\">Auteur de projet \/ <\/mark><\/p>\n\n\n\n<p class=\"has-objektiv-mk-3-font-family\" style=\"margin-top:0;margin-right:0;margin-bottom:0;margin-left:0;padding-top:0;padding-right:0;padding-bottom:0;padding-left:0;font-size:0.7rem;font-style:normal;font-weight:400\">ARTAU &#8211; PRP Palotas &amp; Reichelt \/ ATELIER PAYSAGE srl<\/p>\n<\/div>\n\n\n\n<div class=\"wp-block-column is-layout-flow wp-block-column-is-layout-flow\">\n<p class=\"has-objektiv-mk-3-font-family\" style=\"margin-top:0;margin-right:0;margin-bottom:0;margin-left:0;padding-top:0;padding-right:0;padding-bottom:0;padding-left:0;font-size:0.7rem;font-style:normal;font-weight:400\"><mark style=\"background-color:rgba(0, 0, 0, 0);color:#878786\" class=\"has-inline-color\">Budget HTVA \/<\/mark><\/p>\n\n\n\n<p class=\"has-objektiv-mk-3-font-family\" style=\"margin-top:0;margin-right:0;margin-bottom:0;margin-left:0;padding-top:0;padding-right:0;padding-bottom:0;padding-left:0;font-size:0.7rem;font-style:normal;font-weight:400\">Cours et abords 700 000 \u20ac<\/p>\n\n\n\n<div style=\"height:0px\" aria-hidden=\"true\" class=\"wp-block-spacer\"><\/div>\n\n\n\n<p class=\"has-objektiv-mk-3-font-family\" style=\"margin-top:0;margin-right:0;margin-bottom:0;margin-left:0;padding-top:0;padding-right:0;padding-bottom:0;padding-left:0;font-size:0.7rem;font-style:normal;font-weight:400\"><mark style=\"background-color:rgba(0, 0, 0, 0);color:#878786\" class=\"has-inline-color\">R\u00e9alisation \/<\/mark> <\/p>\n\n\n\n<p class=\"has-objektiv-mk-3-font-family\" style=\"margin-top:0;margin-right:0;margin-bottom:0;margin-left:0;padding-top:0;padding-right:0;padding-bottom:0;padding-left:0;font-size:0.7rem;font-style:normal;font-weight:400\">Travaux en cours<\/p>\n\n\n\n<div style=\"height:0px\" aria-hidden=\"true\" class=\"wp-block-spacer\"><\/div>\n\n\n\n<p class=\"has-objektiv-mk-3-font-family\" style=\"margin-top:0;margin-right:0;margin-bottom:0;margin-left:0;padding-top:0;padding-right:0;padding-bottom:0;padding-left:0;font-size:0.7rem;font-style:normal;font-weight:400\"><mark style=\"background-color:rgba(0, 0, 0, 0);color:#878786\" class=\"has-inline-color\">Superficie \/<\/mark> <\/p>\n\n\n\n<p class=\"has-objektiv-mk-3-font-family\" style=\"margin-top:0;margin-right:0;margin-bottom:0;margin-left:0;padding-top:0;padding-right:0;padding-bottom:0;padding-left:0;font-size:0.7rem;font-style:normal;font-weight:400\">2,4 ha<\/p>\n<\/div>\n<\/div>\n\n\n\n<div style=\"height:0px\" aria-hidden=\"true\" class=\"wp-block-spacer\"><\/div>\n\n\n\n<p class=\"has-foreground-color has-text-color has-link-color has-objektiv-mk-3-font-family wp-elements-84872c726637d79519327aa55aef7847\" style=\"margin-top:0;margin-right:0;margin-bottom:0;margin-left:0;padding-top:var(--wp--preset--spacing--20);padding-right:0;padding-bottom:var(--wp--preset--spacing--20);padding-left:0;font-size:0.8rem;font-style:normal;font-weight:400\">Le projet se situe au c\u0153ur de la r\u00e9gion rurale bocag\u00e8re du pays de Herve, \u00e0 proximit\u00e9 des champs et des prairies.<\/p>\n\n\n\n<p class=\"has-foreground-color has-text-color has-link-color has-objektiv-mk-3-font-family wp-elements-422640e60bb87620ef374f86271d1ef2\" style=\"margin-top:0;margin-right:0;margin-bottom:0;margin-left:0;padding-top:var(--wp--preset--spacing--20);padding-right:0;padding-bottom:var(--wp--preset--spacing--20);padding-left:0;font-size:0.8rem;font-style:normal;font-weight:400\">Il se base sur une d\u00e9marche paysag\u00e8re inscrite au sein de ce contexte environnemental. Alors que le b\u00e2timent r\u00e9pond \u00e0 des formes construites r\u00e9guli\u00e8res de la trame b\u00e2tie, le dessin des espaces ext\u00e9rieurs de la nouvelle \u00e9cole vient s\u2019appuyer sur les courbes de niveaux et rechercher les formes organiques de la nature environnante. Le but est de cr\u00e9er un \u00e9quilibre entre le trac\u00e9 droit et \u00e9pur\u00e9 de l\u2019architecture des b\u00e2timents et le trac\u00e9 courbe et organique de l\u2019architecture du paysage.<\/p>\n\n\n\n<p class=\"has-foreground-color has-text-color has-link-color has-objektiv-mk-3-font-family wp-elements-16bfca694787765190b70fbb47bfdb9d\" style=\"margin-top:0;margin-right:0;margin-bottom:0;margin-left:0;padding-top:var(--wp--preset--spacing--20);padding-right:0;padding-bottom:var(--wp--preset--spacing--20);padding-left:0;font-size:0.8rem;font-style:normal;font-weight:400\">Le site global se d\u00e9compose en plusieurs parties aux affectations &nbsp;diff\u00e9rentes mais avec une volont\u00e9 d\u2019un langage paysager commun qui \u00e9volue d\u2019une th\u00e9matique de jardin dans la trame du village vers une logique de verger et bosquet vers le vallon.<\/p>\n\n\n\n<p class=\"has-foreground-color has-text-color has-link-color has-objektiv-mk-3-font-family wp-elements-24788ba3590e46ff3d4720fd391488df\" style=\"margin-top:0;margin-right:0;margin-bottom:0;margin-left:0;padding-top:var(--wp--preset--spacing--20);padding-right:0;padding-bottom:var(--wp--preset--spacing--20);padding-left:0;font-size:0.8rem;font-style:normal;font-weight:400\">Entre venelle, cour primaire, terrain de jeux, pr\u00e9au, gradin, cour maternelle, jardin, parvis, parking paysager \u2026 le projet cherche \u00e0 valoriser le relief, la v\u00e9g\u00e9tation, les mati\u00e8res, les parcours, comme sources de d\u00e9couverte, de jeux et d\u2019\u00e9panouissement des enfants.<\/p>\n\n\n\n<p class=\"has-foreground-color has-text-color has-link-color has-objektiv-mk-3-font-family wp-elements-ef77f2b6b3e78b53739b5433e8edfca6\" style=\"margin-top:0;margin-right:0;margin-bottom:0;margin-left:0;padding-top:var(--wp--preset--spacing--20);padding-right:0;padding-bottom:var(--wp--preset--spacing--20);padding-left:0;font-size:0.8rem;font-style:normal;font-weight:400\">Ces entit\u00e9s sont, sur la partie haute du terrain, la cour des primaires, sur la partie basse, la cour des maternelles et la zone d\u2019accueil dont un parking paysager et un parvis.<\/p>\n\n\n\n<div style=\"height:0px\" aria-hidden=\"true\" class=\"wp-block-spacer\"><\/div>\n\n\n\n<figure class=\"wp-block-image size-large is-resized\"><img loading=\"lazy\" decoding=\"async\" width=\"1024\" height=\"723\" src=\"https:\/\/www.atelierpaysage.be\/wp-content\/uploads\/2024\/01\/AtelierPaysage_Ecole_Lontzen_5-1024x723.jpg\" alt=\"\" class=\"wp-image-1383\" style=\"width:641px\" srcset=\"https:\/\/www.atelierpaysage.be\/wp-content\/uploads\/2024\/01\/AtelierPaysage_Ecole_Lontzen_5-1024x723.jpg 1024w, https:\/\/www.atelierpaysage.be\/wp-content\/uploads\/2024\/01\/AtelierPaysage_Ecole_Lontzen_5-400x283.jpg 400w, https:\/\/www.atelierpaysage.be\/wp-content\/uploads\/2024\/01\/AtelierPaysage_Ecole_Lontzen_5-768x543.jpg 768w, https:\/\/www.atelierpaysage.be\/wp-content\/uploads\/2024\/01\/AtelierPaysage_Ecole_Lontzen_5-1536x1085.jpg 1536w, https:\/\/www.atelierpaysage.be\/wp-content\/uploads\/2024\/01\/AtelierPaysage_Ecole_Lontzen_5.jpg 1748w\" sizes=\"(max-width: 1024px) 100vw, 1024px\" \/><\/figure>\n\n\n\n<figure class=\"wp-block-image size-large is-resized\"><img loading=\"lazy\" decoding=\"async\" width=\"1024\" height=\"631\" src=\"https:\/\/www.atelierpaysage.be\/wp-content\/uploads\/2024\/01\/AtelierPaysage_Ecole_Lontzen_3-1024x631.jpg\" alt=\"\" class=\"wp-image-1393\" style=\"width:641px\" srcset=\"https:\/\/www.atelierpaysage.be\/wp-content\/uploads\/2024\/01\/AtelierPaysage_Ecole_Lontzen_3-1024x631.jpg 1024w, https:\/\/www.atelierpaysage.be\/wp-content\/uploads\/2024\/01\/AtelierPaysage_Ecole_Lontzen_3-400x246.jpg 400w, https:\/\/www.atelierpaysage.be\/wp-content\/uploads\/2024\/01\/AtelierPaysage_Ecole_Lontzen_3-768x473.jpg 768w, https:\/\/www.atelierpaysage.be\/wp-content\/uploads\/2024\/01\/AtelierPaysage_Ecole_Lontzen_3-1536x946.jpg 1536w, https:\/\/www.atelierpaysage.be\/wp-content\/uploads\/2024\/01\/AtelierPaysage_Ecole_Lontzen_3.jpg 1748w\" sizes=\"(max-width: 1024px) 100vw, 1024px\" \/><\/figure>\n\n\n\n<figure class=\"wp-block-image size-large is-resized\"><img loading=\"lazy\" decoding=\"async\" width=\"1024\" height=\"637\" src=\"https:\/\/www.atelierpaysage.be\/wp-content\/uploads\/2024\/01\/AtelierPaysage_Ecole_Lontzen_1-1024x637.jpg\" alt=\"\" class=\"wp-image-1391\" style=\"width:641px\" srcset=\"https:\/\/www.atelierpaysage.be\/wp-content\/uploads\/2024\/01\/AtelierPaysage_Ecole_Lontzen_1-1024x637.jpg 1024w, https:\/\/www.atelierpaysage.be\/wp-content\/uploads\/2024\/01\/AtelierPaysage_Ecole_Lontzen_1-400x249.jpg 400w, https:\/\/www.atelierpaysage.be\/wp-content\/uploads\/2024\/01\/AtelierPaysage_Ecole_Lontzen_1-768x478.jpg 768w, https:\/\/www.atelierpaysage.be\/wp-content\/uploads\/2024\/01\/AtelierPaysage_Ecole_Lontzen_1-1536x955.jpg 1536w, https:\/\/www.atelierpaysage.be\/wp-content\/uploads\/2024\/01\/AtelierPaysage_Ecole_Lontzen_1.jpg 1748w\" sizes=\"(max-width: 1024px) 100vw, 1024px\" \/><\/figure>\n","protected":false},"excerpt":{"rendered":"<p>cr\u00e9ation d&rsquo;une \u00e9cole maternelle et primaire \u00e0 lontzen Maitre d&rsquo;ouvrage \/ Commune de Lontzen Auteur de projet \/ ARTAU &#8211; PRP Palotas &amp; Reichelt \/ ATELIER PAYSAGE srl Budget HTVA \/ Cours et abords 700 000 \u20ac R\u00e9alisation \/ Travaux en cours Superficie \/ 2,4 ha Le projet se situe au c\u0153ur de la r\u00e9gion [&hellip;]<\/p>\n","protected":false},"author":4,"featured_media":1390,"comment_status":"closed","ping_status":"closed","sticky":false,"template":"page-without-title","format":"standard","meta":{"footnotes":""},"categories":[40,16,38],"tags":[],"class_list":["post-989","post","type-post","status-publish","format-standard","has-post-thumbnail","hentry","category-ecoles-et-creches","category-jeux-et-sports","category-liaisons-pietonnes"],"_links":{"self":[{"href":"https:\/\/www.atelierpaysage.be\/index.php?rest_route=\/wp\/v2\/posts\/989"}],"collection":[{"href":"https:\/\/www.atelierpaysage.be\/index.php?rest_route=\/wp\/v2\/posts"}],"about":[{"href":"https:\/\/www.atelierpaysage.be\/index.php?rest_route=\/wp\/v2\/types\/post"}],"author":[{"embeddable":true,"href":"https:\/\/www.atelierpaysage.be\/index.php?rest_route=\/wp\/v2\/users\/4"}],"replies":[{"embeddable":true,"href":"https:\/\/www.atelierpaysage.be\/index.php?rest_route=%2Fwp%2Fv2%2Fcomments&post=989"}],"version-history":[{"count":16,"href":"https:\/\/www.atelierpaysage.be\/index.php?rest_route=\/wp\/v2\/posts\/989\/revisions"}],"predecessor-version":[{"id":2374,"href":"https:\/\/www.atelierpaysage.be\/index.php?rest_route=\/wp\/v2\/posts\/989\/revisions\/2374"}],"wp:featuredmedia":[{"embeddable":true,"href":"https:\/\/www.atelierpaysage.be\/index.php?rest_route=\/wp\/v2\/media\/1390"}],"wp:attachment":[{"href":"https:\/\/www.atelierpaysage.be\/index.php?rest_route=%2Fwp%2Fv2%2Fmedia&parent=989"}],"wp:term":[{"taxonomy":"category","embeddable":true,"href":"https:\/\/www.atelierpaysage.be\/index.php?rest_route=%2Fwp%2Fv2%2Fcategories&post=989"},{"taxonomy":"post_tag","embeddable":true,"href":"https:\/\/www.atelierpaysage.be\/index.php?rest_route=%2Fwp%2Fv2%2Ftags&post=989"}],"curies":[{"name":"wp","href":"https:\/\/api.w.org\/{rel}","templated":true}]}}